{"id":50337,"date":"2025-11-22T06:00:12","date_gmt":"2025-11-22T09:00:12","guid":{"rendered":"http:\/\/masquenoticiastucuman.com.ar\/?p=50337"},"modified":"2025-11-22T06:00:12","modified_gmt":"2025-11-22T09:00:12","slug":"trump-ataca-a-sus-economistas-powell-tiene-problemas-mentales-y-amenazo-a-bessent-con-una-patada-en-el-culo","status":"publish","type":"post","link":"https:\/\/masquenoticiastucuman.com.ar\/?p=50337","title":{"rendered":"Trump, ataca a sus economistas: Powell &#8220;tiene problemas mentales&#8221; y amenaz\u00f3 a Bessent con &#8220;una patada en el culo&#8221;"},"content":{"rendered":"<p><strong>Econom\u00eda de No Ficci\u00f3n.<\/strong> El Presidente de Estados Unidos apur\u00f3 a su secretario del Tesoro por las tasas de inter\u00e9s. \u201cSi no lo arreglas r\u00e1pido te voy a despedir peg\u00e1ndote una patada en culo\u201d.<\/p>\n<p>\u200bEconom\u00eda de No Ficci\u00f3n. El Presidente de Estados Unidos apur\u00f3 a su secretario del Tesoro por las tasas de inter\u00e9s. \u201cSi no lo arreglas r\u00e1pido te voy a despedir peg\u00e1ndote una patada en culo\u201d.\u00a0<a href=\"https:\/\/www.clarin.com\/economia\/trump-ataca-economistas-powell-problemas-mentales-amenazo-bessent-patada-culo_0_bnbw2RGsCJ.html\" target=\"_blank\" class=\"feedzy-rss-link-icon\">Read More<\/a><\/p>","protected":false},"excerpt":{"rendered":"<p>Econom\u00eda de No Ficci\u00f3n. El Presidente de Estados Unidos apur\u00f3 a su secretario del Tesoro&#8230;<\/p>\n","protected":false},"author":1,"featured_media":0,"comment_status":"open","ping_status":"open","sticky":false,"template":"","format":"standard","meta":{"footnotes":""},"categories":[3],"tags":[],"class_list":["post-50337","post","type-post","status-publish","format-standard","has-post-thumbnail","hentry","category-nacionales"],"_links":{"self":[{"href":"https:\/\/masquenoticiastucuman.com.ar\/index.php?rest_route=\/wp\/v2\/posts\/50337","targetHints":{"allow":["GET"]}}],"collection":[{"href":"https:\/\/masquenoticiastucuman.com.ar\/index.php?rest_route=\/wp\/v2\/posts"}],"about":[{"href":"https:\/\/masquenoticiastucuman.com.ar\/index.php?rest_route=\/wp\/v2\/types\/post"}],"author":[{"embeddable":true,"href":"https:\/\/masquenoticiastucuman.com.ar\/index.php?rest_route=\/wp\/v2\/users\/1"}],"replies":[{"embeddable":true,"href":"https:\/\/masquenoticiastucuman.com.ar\/index.php?rest_route=%2Fwp%2Fv2%2Fcomments&post=50337"}],"version-history":[{"count":0,"href":"https:\/\/masquenoticiastucuman.com.ar\/index.php?rest_route=\/wp\/v2\/posts\/50337\/revisions"}],"wp:attachment":[{"href":"https:\/\/masquenoticiastucuman.com.ar\/index.php?rest_route=%2Fwp%2Fv2%2Fmedia&parent=50337"}],"wp:term":[{"taxonomy":"category","embeddable":true,"href":"https:\/\/masquenoticiastucuman.com.ar\/index.php?rest_route=%2Fwp%2Fv2%2Fcategories&post=50337"},{"taxonomy":"post_tag","embeddable":true,"href":"https:\/\/masquenoticiastucuman.com.ar\/index.php?rest_route=%2Fwp%2Fv2%2Ftags&post=50337"}],"curies":[{"name":"wp","href":"https:\/\/api.w.org\/{rel}","templated":true}]}}