{"id":50340,"date":"2025-11-22T06:00:10","date_gmt":"2025-11-22T09:00:10","guid":{"rendered":"http:\/\/masquenoticiastucuman.com.ar\/?p=50340"},"modified":"2025-11-22T06:00:10","modified_gmt":"2025-11-22T09:00:10","slug":"a-que-hora-y-donde-ver-al-puma-martinez-vs-jesse-rodriguez-en-vivo","status":"publish","type":"post","link":"https:\/\/masquenoticiastucuman.com.ar\/?p=50340","title":{"rendered":"A qu\u00e9 hora y d\u00f3nde ver al Puma Mart\u00ednez vs. Jesse Rodr\u00edguez EN VIVO"},"content":{"rendered":"<ul>\n<li>El boxeador Fernando &#8220;Puma&#8221; Mart\u00ednez ir\u00e1 por la unificaci\u00f3n de tres titulos mundiales. <\/li>\n<li>Se medir\u00e1 ante el boxeador invicto Jesse &#8220;Bam&#8221; Rodr\u00edguez. <\/li>\n<\/ul>\n<p>\u200bEl boxeador Fernando &#8220;Puma&#8221; Mart\u00ednez ir\u00e1 por la unificaci\u00f3n de tres titulos mundiales. Se medir\u00e1 ante el boxeador invicto Jesse &#8220;Bam&#8221; Rodr\u00edguez.\u00a0<a href=\"https:\/\/www.clarin.com\/deportes\/hora-ver-puma-martinez-vs-jesse-rodriguez-vivo_0_0nQlcUf2Ah.html\" target=\"_blank\" class=\"feedzy-rss-link-icon\">Read More<\/a><\/p>","protected":false},"excerpt":{"rendered":"<p>El boxeador Fernando &#8220;Puma&#8221; Mart\u00ednez ir\u00e1 por la unificaci\u00f3n de tres titulos mundiales. Se medir\u00e1&#8230;<\/p>\n","protected":false},"author":1,"featured_media":0,"comment_status":"open","ping_status":"open","sticky":false,"template":"","format":"standard","meta":{"footnotes":""},"categories":[6],"tags":[],"class_list":["post-50340","post","type-post","status-publish","format-standard","has-post-thumbnail","hentry","category-deportes"],"_links":{"self":[{"href":"https:\/\/masquenoticiastucuman.com.ar\/index.php?rest_route=\/wp\/v2\/posts\/50340","targetHints":{"allow":["GET"]}}],"collection":[{"href":"https:\/\/masquenoticiastucuman.com.ar\/index.php?rest_route=\/wp\/v2\/posts"}],"about":[{"href":"https:\/\/masquenoticiastucuman.com.ar\/index.php?rest_route=\/wp\/v2\/types\/post"}],"author":[{"embeddable":true,"href":"https:\/\/masquenoticiastucuman.com.ar\/index.php?rest_route=\/wp\/v2\/users\/1"}],"replies":[{"embeddable":true,"href":"https:\/\/masquenoticiastucuman.com.ar\/index.php?rest_route=%2Fwp%2Fv2%2Fcomments&post=50340"}],"version-history":[{"count":0,"href":"https:\/\/masquenoticiastucuman.com.ar\/index.php?rest_route=\/wp\/v2\/posts\/50340\/revisions"}],"wp:attachment":[{"href":"https:\/\/masquenoticiastucuman.com.ar\/index.php?rest_route=%2Fwp%2Fv2%2Fmedia&parent=50340"}],"wp:term":[{"taxonomy":"category","embeddable":true,"href":"https:\/\/masquenoticiastucuman.com.ar\/index.php?rest_route=%2Fwp%2Fv2%2Fcategories&post=50340"},{"taxonomy":"post_tag","embeddable":true,"href":"https:\/\/masquenoticiastucuman.com.ar\/index.php?rest_route=%2Fwp%2Fv2%2Ftags&post=50340"}],"curies":[{"name":"wp","href":"https:\/\/api.w.org\/{rel}","templated":true}]}}