{"id":50344,"date":"2025-11-22T07:35:54","date_gmt":"2025-11-22T10:35:54","guid":{"rendered":"http:\/\/masquenoticiastucuman.com.ar\/?p=50344"},"modified":"2025-11-22T07:35:54","modified_gmt":"2025-11-22T10:35:54","slug":"brasil-bolsonaro-fue-enviado-a-prision-a-pocos-dias-de-comenzar-a-cumplir-su-condena-a-27-anos-de-carcel","status":"publish","type":"post","link":"https:\/\/masquenoticiastucuman.com.ar\/?p=50344","title":{"rendered":"Brasil: Bolsonaro fue enviado a prisi\u00f3n a pocos d\u00edas de comenzar a cumplir su condena a 27 a\u00f1os de c\u00e1rcel"},"content":{"rendered":"<ul>\n<li>El exmandatario brasile\u00f1o, de 70 a\u00f1os, se encontraba desde agosto en prisi\u00f3n domiciliaria.<\/li>\n<\/ul>\n<p>\u200bEl exmandatario brasile\u00f1o, de 70 a\u00f1os, se encontraba desde agosto en prisi\u00f3n domiciliaria.\u00a0<a href=\"https:\/\/www.clarin.com\/mundo\/brasil-bolsonaro-enviado-prision-pocos-dias-comenzar-cumplir-condena-27-anos-carcel_0_9gYfSWXPra.html\" target=\"_blank\" class=\"feedzy-rss-link-icon\">Read More<\/a><\/p>","protected":false},"excerpt":{"rendered":"<p>El exmandatario brasile\u00f1o, de 70 a\u00f1os, se encontraba desde agosto en prisi\u00f3n domiciliaria. \u200bEl exmandatario&#8230;<\/p>\n","protected":false},"author":1,"featured_media":50345,"comment_status":"open","ping_status":"open","sticky":false,"template":"","format":"standard","meta":{"footnotes":""},"categories":[4],"tags":[],"class_list":["post-50344","post","type-post","status-publish","format-standard","has-post-thumbnail","hentry","category-internacionales"],"_links":{"self":[{"href":"https:\/\/masquenoticiastucuman.com.ar\/index.php?rest_route=\/wp\/v2\/posts\/50344","targetHints":{"allow":["GET"]}}],"collection":[{"href":"https:\/\/masquenoticiastucuman.com.ar\/index.php?rest_route=\/wp\/v2\/posts"}],"about":[{"href":"https:\/\/masquenoticiastucuman.com.ar\/index.php?rest_route=\/wp\/v2\/types\/post"}],"author":[{"embeddable":true,"href":"https:\/\/masquenoticiastucuman.com.ar\/index.php?rest_route=\/wp\/v2\/users\/1"}],"replies":[{"embeddable":true,"href":"https:\/\/masquenoticiastucuman.com.ar\/index.php?rest_route=%2Fwp%2Fv2%2Fcomments&post=50344"}],"version-history":[{"count":0,"href":"https:\/\/masquenoticiastucuman.com.ar\/index.php?rest_route=\/wp\/v2\/posts\/50344\/revisions"}],"wp:featuredmedia":[{"embeddable":true,"href":"https:\/\/masquenoticiastucuman.com.ar\/index.php?rest_route=\/wp\/v2\/media\/50345"}],"wp:attachment":[{"href":"https:\/\/masquenoticiastucuman.com.ar\/index.php?rest_route=%2Fwp%2Fv2%2Fmedia&parent=50344"}],"wp:term":[{"taxonomy":"category","embeddable":true,"href":"https:\/\/masquenoticiastucuman.com.ar\/index.php?rest_route=%2Fwp%2Fv2%2Fcategories&post=50344"},{"taxonomy":"post_tag","embeddable":true,"href":"https:\/\/masquenoticiastucuman.com.ar\/index.php?rest_route=%2Fwp%2Fv2%2Ftags&post=50344"}],"curies":[{"name":"wp","href":"https:\/\/api.w.org\/{rel}","templated":true}]}}