{"id":50350,"date":"2025-11-22T09:33:27","date_gmt":"2025-11-22T12:33:27","guid":{"rendered":"http:\/\/masquenoticiastucuman.com.ar\/?p=50350"},"modified":"2025-11-22T09:33:27","modified_gmt":"2025-11-22T12:33:27","slug":"lanus-vs-atletico-mineiro-por-la-final-de-la-copa-sudamericana-2025-en-vivo-horario-formaciones-y-como-ver-en-directo","status":"publish","type":"post","link":"https:\/\/masquenoticiastucuman.com.ar\/?p=50350","title":{"rendered":"Lan\u00fas vs. Atl\u00e9tico Mineiro, por la final de la Copa Sudamericana 2025, EN VIVO: horario, formaciones y c\u00f3mo ver en directo"},"content":{"rendered":"<ul>\n<li>Juegan desde las 17 en el Estadio Defensores del Chaco, de Asunci\u00f3n.<\/li>\n<li>El Granate busca su segundo t\u00edtulo en este torneo.<\/li>\n<li>Por ESPN Premium y DSports.<\/li>\n<\/ul>\n<p>\u200bJuegan desde las 17 en el Estadio Defensores del Chaco, de Asunci\u00f3n.El Granate busca su segundo t\u00edtulo en este torneo.Por ESPN Premium y DSports.\u00a0<a href=\"https:\/\/www.clarin.com\/deportes\/lanus-vs-atletico-mineiro-final-copa-sudamericana-2025-vivo-horario-formaciones-ver-directo_0_1GJPCL2Orn.html\" target=\"_blank\" class=\"feedzy-rss-link-icon\">Read More<\/a><\/p>","protected":false},"excerpt":{"rendered":"<p>Juegan desde las 17 en el Estadio Defensores del Chaco, de Asunci\u00f3n. El Granate busca&#8230;<\/p>\n","protected":false},"author":1,"featured_media":0,"comment_status":"open","ping_status":"open","sticky":false,"template":"","format":"standard","meta":{"footnotes":""},"categories":[6],"tags":[],"class_list":["post-50350","post","type-post","status-publish","format-standard","has-post-thumbnail","hentry","category-deportes"],"_links":{"self":[{"href":"https:\/\/masquenoticiastucuman.com.ar\/index.php?rest_route=\/wp\/v2\/posts\/50350","targetHints":{"allow":["GET"]}}],"collection":[{"href":"https:\/\/masquenoticiastucuman.com.ar\/index.php?rest_route=\/wp\/v2\/posts"}],"about":[{"href":"https:\/\/masquenoticiastucuman.com.ar\/index.php?rest_route=\/wp\/v2\/types\/post"}],"author":[{"embeddable":true,"href":"https:\/\/masquenoticiastucuman.com.ar\/index.php?rest_route=\/wp\/v2\/users\/1"}],"replies":[{"embeddable":true,"href":"https:\/\/masquenoticiastucuman.com.ar\/index.php?rest_route=%2Fwp%2Fv2%2Fcomments&post=50350"}],"version-history":[{"count":0,"href":"https:\/\/masquenoticiastucuman.com.ar\/index.php?rest_route=\/wp\/v2\/posts\/50350\/revisions"}],"wp:attachment":[{"href":"https:\/\/masquenoticiastucuman.com.ar\/index.php?rest_route=%2Fwp%2Fv2%2Fmedia&parent=50350"}],"wp:term":[{"taxonomy":"category","embeddable":true,"href":"https:\/\/masquenoticiastucuman.com.ar\/index.php?rest_route=%2Fwp%2Fv2%2Fcategories&post=50350"},{"taxonomy":"post_tag","embeddable":true,"href":"https:\/\/masquenoticiastucuman.com.ar\/index.php?rest_route=%2Fwp%2Fv2%2Ftags&post=50350"}],"curies":[{"name":"wp","href":"https:\/\/api.w.org\/{rel}","templated":true}]}}