{"id":50354,"date":"2025-11-22T10:39:52","date_gmt":"2025-11-22T13:39:52","guid":{"rendered":"https:\/\/masquenoticiastucuman.com.ar\/?p=50354"},"modified":"2025-11-22T10:39:53","modified_gmt":"2025-11-22T13:39:53","slug":"el-ministerio-de-salud-informo-el-fallecimiento-de-la-menor-atendida-en-el-hospital-del-nino-jesus","status":"publish","type":"post","link":"https:\/\/masquenoticiastucuman.com.ar\/?p=50354","title":{"rendered":"El Ministerio de Salud inform\u00f3 el fallecimiento de la menor atendida en el Hospital del Ni\u00f1o Jes\u00fas"},"content":{"rendered":"\n<p>La cartera sanitaria provincial, encabezada por el ministro Luis Medina Ruiz, dio a conocer el parte emitido por la Direcci\u00f3n del Hospital del Ni\u00f1o Jes\u00fas.<\/p>\n\n\n\n<p>La Direcci\u00f3n del Hospital de Ni\u00f1o Jes\u00fas lamenta informar el fallecimiento de la menor de siete a\u00f1os que ingres\u00f3 en la jornada del jueves 20 de noviembre con un impacto de arma de fuego en su cabeza con orificio de entrada y salida. Acompa\u00f1amos a la familia en este duro momento.<\/p>\n","protected":false},"excerpt":{"rendered":"<p>La cartera sanitaria provincial, encabezada por el ministro Luis Medina Ruiz, dio a conocer el&#8230;<\/p>\n","protected":false},"author":2,"featured_media":50355,"comment_status":"open","ping_status":"open","sticky":false,"template":"","format":"standard","meta":{"footnotes":""},"categories":[2],"tags":[],"class_list":["post-50354","post","type-post","status-publish","format-standard","has-post-thumbnail","hentry","category-locales"],"_links":{"self":[{"href":"https:\/\/masquenoticiastucuman.com.ar\/index.php?rest_route=\/wp\/v2\/posts\/50354","targetHints":{"allow":["GET"]}}],"collection":[{"href":"https:\/\/masquenoticiastucuman.com.ar\/index.php?rest_route=\/wp\/v2\/posts"}],"about":[{"href":"https:\/\/masquenoticiastucuman.com.ar\/index.php?rest_route=\/wp\/v2\/types\/post"}],"author":[{"embeddable":true,"href":"https:\/\/masquenoticiastucuman.com.ar\/index.php?rest_route=\/wp\/v2\/users\/2"}],"replies":[{"embeddable":true,"href":"https:\/\/masquenoticiastucuman.com.ar\/index.php?rest_route=%2Fwp%2Fv2%2Fcomments&post=50354"}],"version-history":[{"count":1,"href":"https:\/\/masquenoticiastucuman.com.ar\/index.php?rest_route=\/wp\/v2\/posts\/50354\/revisions"}],"predecessor-version":[{"id":50356,"href":"https:\/\/masquenoticiastucuman.com.ar\/index.php?rest_route=\/wp\/v2\/posts\/50354\/revisions\/50356"}],"wp:featuredmedia":[{"embeddable":true,"href":"https:\/\/masquenoticiastucuman.com.ar\/index.php?rest_route=\/wp\/v2\/media\/50355"}],"wp:attachment":[{"href":"https:\/\/masquenoticiastucuman.com.ar\/index.php?rest_route=%2Fwp%2Fv2%2Fmedia&parent=50354"}],"wp:term":[{"taxonomy":"category","embeddable":true,"href":"https:\/\/masquenoticiastucuman.com.ar\/index.php?rest_route=%2Fwp%2Fv2%2Fcategories&post=50354"},{"taxonomy":"post_tag","embeddable":true,"href":"https:\/\/masquenoticiastucuman.com.ar\/index.php?rest_route=%2Fwp%2Fv2%2Ftags&post=50354"}],"curies":[{"name":"wp","href":"https:\/\/api.w.org\/{rel}","templated":true}]}}