{"id":50358,"date":"2025-11-22T10:09:35","date_gmt":"2025-11-22T13:09:35","guid":{"rendered":"http:\/\/masquenoticiastucuman.com.ar\/?p=50358"},"modified":"2025-11-22T10:09:35","modified_gmt":"2025-11-22T13:09:35","slug":"cuba-el-destino-inesperado-en-el-desembarco-de-una-consultora-argentina","status":"publish","type":"post","link":"https:\/\/masquenoticiastucuman.com.ar\/?p=50358","title":{"rendered":"Cuba, el destino inesperado en el desembarco de una consultora argentina"},"content":{"rendered":"<ul>\n<li>SMS llega a la Isla asociada con un estudio privado cubano para atender a las compa\u00f1\u00edas globales que siguen en esa castigada econom\u00eda. <\/li>\n<li>Una startup para el manejo de la caja de las pymes y la agenda del campo, entre otros secretos empresarios.<\/li>\n<\/ul>\n<p>\u200bSMS llega a la Isla asociada con un estudio privado cubano para atender a las compa\u00f1\u00edas globales que siguen en esa castigada econom\u00eda. Una startup para el manejo de la caja de las pymes y la agenda del campo, entre otros secretos empresarios.\u00a0<a href=\"https:\/\/www.clarin.com\/economia\/cuba-destino-inesperado-desembarco-consultora-argentina_0_SlpfqoKFBs.html\" target=\"_blank\" class=\"feedzy-rss-link-icon\">Read More<\/a><\/p>","protected":false},"excerpt":{"rendered":"<p>SMS llega a la Isla asociada con un estudio privado cubano para atender a las&#8230;<\/p>\n","protected":false},"author":1,"featured_media":0,"comment_status":"open","ping_status":"open","sticky":false,"template":"","format":"standard","meta":{"footnotes":""},"categories":[3],"tags":[],"class_list":["post-50358","post","type-post","status-publish","format-standard","has-post-thumbnail","hentry","category-nacionales"],"_links":{"self":[{"href":"https:\/\/masquenoticiastucuman.com.ar\/index.php?rest_route=\/wp\/v2\/posts\/50358","targetHints":{"allow":["GET"]}}],"collection":[{"href":"https:\/\/masquenoticiastucuman.com.ar\/index.php?rest_route=\/wp\/v2\/posts"}],"about":[{"href":"https:\/\/masquenoticiastucuman.com.ar\/index.php?rest_route=\/wp\/v2\/types\/post"}],"author":[{"embeddable":true,"href":"https:\/\/masquenoticiastucuman.com.ar\/index.php?rest_route=\/wp\/v2\/users\/1"}],"replies":[{"embeddable":true,"href":"https:\/\/masquenoticiastucuman.com.ar\/index.php?rest_route=%2Fwp%2Fv2%2Fcomments&post=50358"}],"version-history":[{"count":0,"href":"https:\/\/masquenoticiastucuman.com.ar\/index.php?rest_route=\/wp\/v2\/posts\/50358\/revisions"}],"wp:attachment":[{"href":"https:\/\/masquenoticiastucuman.com.ar\/index.php?rest_route=%2Fwp%2Fv2%2Fmedia&parent=50358"}],"wp:term":[{"taxonomy":"category","embeddable":true,"href":"https:\/\/masquenoticiastucuman.com.ar\/index.php?rest_route=%2Fwp%2Fv2%2Fcategories&post=50358"},{"taxonomy":"post_tag","embeddable":true,"href":"https:\/\/masquenoticiastucuman.com.ar\/index.php?rest_route=%2Fwp%2Fv2%2Ftags&post=50358"}],"curies":[{"name":"wp","href":"https:\/\/api.w.org\/{rel}","templated":true}]}}