{"id":50359,"date":"2025-11-22T10:27:20","date_gmt":"2025-11-22T13:27:20","guid":{"rendered":"http:\/\/masquenoticiastucuman.com.ar\/?p=50359"},"modified":"2025-11-22T10:27:20","modified_gmt":"2025-11-22T13:27:20","slug":"barcelona-reabre-el-camp-nou-el-regreso-a-casa-tras-dos-anos-y-con-obra-record-de-1-450-millones-de-euros","status":"publish","type":"post","link":"https:\/\/masquenoticiastucuman.com.ar\/?p=50359","title":{"rendered":"Barcelona reabre el Camp Nou: el regreso a casa tras dos a\u00f1os y con obra r\u00e9cord de 1.450 millones de euros"},"content":{"rendered":"<ul>\n<li>Este s\u00e1bado, el conjunto catal\u00e1n recibe en su estadio al Athletic de Bilbao.<\/li>\n<li>Sin embargo, la reinauguraci\u00f3n ser\u00e1 parcial ya que las obras culminar\u00e1n en agosto de 2026.<\/li>\n<li>Messi estuvo de visita hace un par de semanas.<\/li>\n<\/ul>\n<p>\u200bEste s\u00e1bado, el conjunto catal\u00e1n recibe en su estadio al Athletic de Bilbao.Sin embargo, la reinauguraci\u00f3n ser\u00e1 parcial ya que las obras culminar\u00e1n en agosto de 2026.Messi estuvo de visita hace un par de semanas.\u00a0<a href=\"https:\/\/www.clarin.com\/deportes\/barcelona-reabre-camp-nou-regreso-casa-anos-obra-record-1450-millones-euros_0_2FQxMm0cdn.html\" target=\"_blank\" class=\"feedzy-rss-link-icon\">Read More<\/a><\/p>","protected":false},"excerpt":{"rendered":"<p>Este s\u00e1bado, el conjunto catal\u00e1n recibe en su estadio al Athletic de Bilbao. Sin embargo,&#8230;<\/p>\n","protected":false},"author":1,"featured_media":0,"comment_status":"open","ping_status":"open","sticky":false,"template":"","format":"standard","meta":{"footnotes":""},"categories":[6],"tags":[],"class_list":["post-50359","post","type-post","status-publish","format-standard","has-post-thumbnail","hentry","category-deportes"],"_links":{"self":[{"href":"https:\/\/masquenoticiastucuman.com.ar\/index.php?rest_route=\/wp\/v2\/posts\/50359","targetHints":{"allow":["GET"]}}],"collection":[{"href":"https:\/\/masquenoticiastucuman.com.ar\/index.php?rest_route=\/wp\/v2\/posts"}],"about":[{"href":"https:\/\/masquenoticiastucuman.com.ar\/index.php?rest_route=\/wp\/v2\/types\/post"}],"author":[{"embeddable":true,"href":"https:\/\/masquenoticiastucuman.com.ar\/index.php?rest_route=\/wp\/v2\/users\/1"}],"replies":[{"embeddable":true,"href":"https:\/\/masquenoticiastucuman.com.ar\/index.php?rest_route=%2Fwp%2Fv2%2Fcomments&post=50359"}],"version-history":[{"count":0,"href":"https:\/\/masquenoticiastucuman.com.ar\/index.php?rest_route=\/wp\/v2\/posts\/50359\/revisions"}],"wp:attachment":[{"href":"https:\/\/masquenoticiastucuman.com.ar\/index.php?rest_route=%2Fwp%2Fv2%2Fmedia&parent=50359"}],"wp:term":[{"taxonomy":"category","embeddable":true,"href":"https:\/\/masquenoticiastucuman.com.ar\/index.php?rest_route=%2Fwp%2Fv2%2Fcategories&post=50359"},{"taxonomy":"post_tag","embeddable":true,"href":"https:\/\/masquenoticiastucuman.com.ar\/index.php?rest_route=%2Fwp%2Fv2%2Ftags&post=50359"}],"curies":[{"name":"wp","href":"https:\/\/api.w.org\/{rel}","templated":true}]}}