{"id":50362,"date":"2025-11-22T12:28:37","date_gmt":"2025-11-22T15:28:37","guid":{"rendered":"http:\/\/masquenoticiastucuman.com.ar\/?p=50362"},"modified":"2025-11-22T12:28:37","modified_gmt":"2025-11-22T15:28:37","slug":"tv-propia-bano-privado-y-hasta-aire-acondicionado-asi-es-la-sala-de-estado-la-celda-donde-esta-detenido-jair-bolsonaro","status":"publish","type":"post","link":"https:\/\/masquenoticiastucuman.com.ar\/?p=50362","title":{"rendered":"TV propia, ba\u00f1o privado y hasta aire acondicionado: as\u00ed es la &#8220;Sala de Estado&#8221;, la celda donde est\u00e1 detenido Jair Bolsonaro"},"content":{"rendered":"<ul>\n<li>El expresidente de Brasil fue trasladado a una sede de la Polic\u00eda por las sospechas de la Justicia sobre un posible plan de fuga.<\/li>\n<li>Seg\u00fan los medios locales, se trata de un espacio reservado para autoridades y personalidades p\u00fablicas. Bolsonaro est\u00e1 condenado a 27 a\u00f1os de c\u00e1rcel por un intento de golpe de Estado.<\/li>\n<\/ul>\n<p>\u200bEl expresidente de Brasil fue trasladado a una sede de la Polic\u00eda por las sospechas de la Justicia sobre un posible plan de fuga.Seg\u00fan los medios locales, se trata de un espacio reservado para autoridades y personalidades p\u00fablicas. Bolsonaro est\u00e1 condenado a 27 a\u00f1os de c\u00e1rcel por un intento de golpe de Estado.\u00a0<a href=\"https:\/\/www.clarin.com\/mundo\/tv-propia-bano-privado-aire-acondicionado-sala-estado-celda-detenido-jair-bolsonaro_0_cW5xOUPSEM.html\" target=\"_blank\" class=\"feedzy-rss-link-icon\">Read More<\/a><\/p>","protected":false},"excerpt":{"rendered":"<p>El expresidente de Brasil fue trasladado a una sede de la Polic\u00eda por las sospechas&#8230;<\/p>\n","protected":false},"author":1,"featured_media":50363,"comment_status":"open","ping_status":"open","sticky":false,"template":"","format":"standard","meta":{"footnotes":""},"categories":[4],"tags":[],"class_list":["post-50362","post","type-post","status-publish","format-standard","has-post-thumbnail","hentry","category-internacionales"],"_links":{"self":[{"href":"https:\/\/masquenoticiastucuman.com.ar\/index.php?rest_route=\/wp\/v2\/posts\/50362","targetHints":{"allow":["GET"]}}],"collection":[{"href":"https:\/\/masquenoticiastucuman.com.ar\/index.php?rest_route=\/wp\/v2\/posts"}],"about":[{"href":"https:\/\/masquenoticiastucuman.com.ar\/index.php?rest_route=\/wp\/v2\/types\/post"}],"author":[{"embeddable":true,"href":"https:\/\/masquenoticiastucuman.com.ar\/index.php?rest_route=\/wp\/v2\/users\/1"}],"replies":[{"embeddable":true,"href":"https:\/\/masquenoticiastucuman.com.ar\/index.php?rest_route=%2Fwp%2Fv2%2Fcomments&post=50362"}],"version-history":[{"count":0,"href":"https:\/\/masquenoticiastucuman.com.ar\/index.php?rest_route=\/wp\/v2\/posts\/50362\/revisions"}],"wp:featuredmedia":[{"embeddable":true,"href":"https:\/\/masquenoticiastucuman.com.ar\/index.php?rest_route=\/wp\/v2\/media\/50363"}],"wp:attachment":[{"href":"https:\/\/masquenoticiastucuman.com.ar\/index.php?rest_route=%2Fwp%2Fv2%2Fmedia&parent=50362"}],"wp:term":[{"taxonomy":"category","embeddable":true,"href":"https:\/\/masquenoticiastucuman.com.ar\/index.php?rest_route=%2Fwp%2Fv2%2Fcategories&post=50362"},{"taxonomy":"post_tag","embeddable":true,"href":"https:\/\/masquenoticiastucuman.com.ar\/index.php?rest_route=%2Fwp%2Fv2%2Ftags&post=50362"}],"curies":[{"name":"wp","href":"https:\/\/api.w.org\/{rel}","templated":true}]}}