{"id":50364,"date":"2025-11-22T12:21:01","date_gmt":"2025-11-22T15:21:01","guid":{"rendered":"http:\/\/masquenoticiastucuman.com.ar\/?p=50364"},"modified":"2025-11-22T12:21:01","modified_gmt":"2025-11-22T15:21:01","slug":"insolita-interna-a-solo-dos-semanas-de-su-asuncion-el-vice-de-bolivia-ataca-al-presidente-rodrigo-paz-y-afirma-que-se-rodeo-de-la-peor-calana","status":"publish","type":"post","link":"https:\/\/masquenoticiastucuman.com.ar\/?p=50364","title":{"rendered":"Ins\u00f3lita interna: a s\u00f3lo dos semanas de su asunci\u00f3n, el vice de Bolivia ataca al presidente Rodrigo Paz y afirma que se rode\u00f3 de &#8220;la peor cala\u00f1a&#8221;"},"content":{"rendered":"<ul>\n<li>Edman Lara, excapit\u00e1n de la Polic\u00eda boliviana, cuestion\u00f3 al mandatario Rodrigo Paz desde TikTok.<\/li>\n<li>Cr\u00edticas por la designaci\u00f3n del Gabinete, una marcha a favor del vice en La Paz y una crisis que se agrava.<\/li>\n<\/ul>\n<p>\u200bEdman Lara, excapit\u00e1n de la Polic\u00eda boliviana, cuestion\u00f3 al mandatario Rodrigo Paz desde TikTok.Cr\u00edticas por la designaci\u00f3n del Gabinete, una marcha a favor del vice en La Paz y una crisis que se agrava.\u00a0<a href=\"https:\/\/www.clarin.com\/mundo\/insolita-interna-solo-semanas-asuncion-vice-bolivia-ataca-presidente-rodrigo-paz-afirma-rodeo-peor-calana_0_kDcp3SMn3D.html\" target=\"_blank\" class=\"feedzy-rss-link-icon\">Read More<\/a><\/p>","protected":false},"excerpt":{"rendered":"<p>Edman Lara, excapit\u00e1n de la Polic\u00eda boliviana, cuestion\u00f3 al mandatario Rodrigo Paz desde TikTok. Cr\u00edticas&#8230;<\/p>\n","protected":false},"author":1,"featured_media":50365,"comment_status":"open","ping_status":"open","sticky":false,"template":"","format":"standard","meta":{"footnotes":""},"categories":[4],"tags":[],"class_list":["post-50364","post","type-post","status-publish","format-standard","has-post-thumbnail","hentry","category-internacionales"],"_links":{"self":[{"href":"https:\/\/masquenoticiastucuman.com.ar\/index.php?rest_route=\/wp\/v2\/posts\/50364","targetHints":{"allow":["GET"]}}],"collection":[{"href":"https:\/\/masquenoticiastucuman.com.ar\/index.php?rest_route=\/wp\/v2\/posts"}],"about":[{"href":"https:\/\/masquenoticiastucuman.com.ar\/index.php?rest_route=\/wp\/v2\/types\/post"}],"author":[{"embeddable":true,"href":"https:\/\/masquenoticiastucuman.com.ar\/index.php?rest_route=\/wp\/v2\/users\/1"}],"replies":[{"embeddable":true,"href":"https:\/\/masquenoticiastucuman.com.ar\/index.php?rest_route=%2Fwp%2Fv2%2Fcomments&post=50364"}],"version-history":[{"count":0,"href":"https:\/\/masquenoticiastucuman.com.ar\/index.php?rest_route=\/wp\/v2\/posts\/50364\/revisions"}],"wp:featuredmedia":[{"embeddable":true,"href":"https:\/\/masquenoticiastucuman.com.ar\/index.php?rest_route=\/wp\/v2\/media\/50365"}],"wp:attachment":[{"href":"https:\/\/masquenoticiastucuman.com.ar\/index.php?rest_route=%2Fwp%2Fv2%2Fmedia&parent=50364"}],"wp:term":[{"taxonomy":"category","embeddable":true,"href":"https:\/\/masquenoticiastucuman.com.ar\/index.php?rest_route=%2Fwp%2Fv2%2Fcategories&post=50364"},{"taxonomy":"post_tag","embeddable":true,"href":"https:\/\/masquenoticiastucuman.com.ar\/index.php?rest_route=%2Fwp%2Fv2%2Ftags&post=50364"}],"curies":[{"name":"wp","href":"https:\/\/api.w.org\/{rel}","templated":true}]}}