{"id":50366,"date":"2025-11-22T14:11:34","date_gmt":"2025-11-22T17:11:34","guid":{"rendered":"http:\/\/masquenoticiastucuman.com.ar\/?p=50366"},"modified":"2025-11-22T14:11:34","modified_gmt":"2025-11-22T17:11:34","slug":"deportivo-lsm-el-equipo-de-luis-suarez-y-lionel-messi-ya-se-consagro-campeon-y-consiguio-el-ascenso-a-la-divisional-c-del-futbol-uruguayo","status":"publish","type":"post","link":"https:\/\/masquenoticiastucuman.com.ar\/?p=50366","title":{"rendered":"Deportivo LSM, el equipo de Luis Su\u00e1rez y Lionel Messi, ya se consagr\u00f3 campe\u00f3n y consigui\u00f3 el ascenso a la Divisional C del f\u00fatbol uruguayo"},"content":{"rendered":"<ul>\n<li>Venci\u00f3 2-1 a Liffa y logr\u00f3 el t\u00edtulo de la Divisional D.<\/li>\n<li>De esta manera, el pr\u00f3ximo a\u00f1o jugar\u00e1 en la tercera categor\u00eda del f\u00fatbol uruguayo.<\/li>\n<li>En seis meses de la gesti\u00f3n de los futbolistas del Inter Miami, el club logr\u00f3 su primera estrella.<\/li>\n<\/ul>\n<p>\u200bVenci\u00f3 2-1 a Liffa y logr\u00f3 el t\u00edtulo de la Divisional D.De esta manera, el pr\u00f3ximo a\u00f1o jugar\u00e1 en la tercera categor\u00eda del f\u00fatbol uruguayo.En seis meses de la gesti\u00f3n de los futbolistas del Inter Miami, el club logr\u00f3 su primera estrella.\u00a0<a href=\"https:\/\/www.clarin.com\/deportes\/deportivo-lsm-equipo-luis-suarez-lionel-messi-consagro-campeon-consiguio-ascenso-divisional-c-futbol-uruguayo_0_VLHUDyvv1l.html\" target=\"_blank\" class=\"feedzy-rss-link-icon\">Read More<\/a><\/p>","protected":false},"excerpt":{"rendered":"<p>Venci\u00f3 2-1 a Liffa y logr\u00f3 el t\u00edtulo de la Divisional D. De esta manera,&#8230;<\/p>\n","protected":false},"author":1,"featured_media":0,"comment_status":"open","ping_status":"open","sticky":false,"template":"","format":"standard","meta":{"footnotes":""},"categories":[6],"tags":[],"class_list":["post-50366","post","type-post","status-publish","format-standard","has-post-thumbnail","hentry","category-deportes"],"_links":{"self":[{"href":"https:\/\/masquenoticiastucuman.com.ar\/index.php?rest_route=\/wp\/v2\/posts\/50366","targetHints":{"allow":["GET"]}}],"collection":[{"href":"https:\/\/masquenoticiastucuman.com.ar\/index.php?rest_route=\/wp\/v2\/posts"}],"about":[{"href":"https:\/\/masquenoticiastucuman.com.ar\/index.php?rest_route=\/wp\/v2\/types\/post"}],"author":[{"embeddable":true,"href":"https:\/\/masquenoticiastucuman.com.ar\/index.php?rest_route=\/wp\/v2\/users\/1"}],"replies":[{"embeddable":true,"href":"https:\/\/masquenoticiastucuman.com.ar\/index.php?rest_route=%2Fwp%2Fv2%2Fcomments&post=50366"}],"version-history":[{"count":0,"href":"https:\/\/masquenoticiastucuman.com.ar\/index.php?rest_route=\/wp\/v2\/posts\/50366\/revisions"}],"wp:attachment":[{"href":"https:\/\/masquenoticiastucuman.com.ar\/index.php?rest_route=%2Fwp%2Fv2%2Fmedia&parent=50366"}],"wp:term":[{"taxonomy":"category","embeddable":true,"href":"https:\/\/masquenoticiastucuman.com.ar\/index.php?rest_route=%2Fwp%2Fv2%2Fcategories&post=50366"},{"taxonomy":"post_tag","embeddable":true,"href":"https:\/\/masquenoticiastucuman.com.ar\/index.php?rest_route=%2Fwp%2Fv2%2Ftags&post=50366"}],"curies":[{"name":"wp","href":"https:\/\/api.w.org\/{rel}","templated":true}]}}