{"id":50367,"date":"2025-11-22T13:41:22","date_gmt":"2025-11-22T16:41:22","guid":{"rendered":"http:\/\/masquenoticiastucuman.com.ar\/?p=50367"},"modified":"2025-11-22T13:41:22","modified_gmt":"2025-11-22T16:41:22","slug":"el-camp-nou-reabrio-sus-puertas-y-los-hinchas-del-barcelona-pidieron-por-lionel-messi-ovacion-para-el-rosarino-en-el-minuto-10","status":"publish","type":"post","link":"https:\/\/masquenoticiastucuman.com.ar\/?p=50367","title":{"rendered":"El Camp Nou reabri\u00f3 sus puertas y los hinchas del Barcelona pidieron por Lionel Messi: ovaci\u00f3n para el rosarino en el minuto 10"},"content":{"rendered":"<ul>\n<li>El p\u00fablico pidi\u00f3 por el argentino, que acaba de renovar en Inter Miami.<\/li>\n<li>La Pulga hab\u00eda visitado el nuevo estadio hace m\u00e1s de diez d\u00edas.<\/li>\n<li>El presidente, Joan Laporta, aclar\u00f3 que es &#8220;irreal&#8221; pensar en su regreso al club.<\/li>\n<\/ul>\n<p>\u200bEl p\u00fablico pidi\u00f3 por el argentino, que acaba de renovar en Inter Miami.La Pulga hab\u00eda visitado el nuevo estadio hace m\u00e1s de diez d\u00edas.El presidente, Joan Laporta, aclar\u00f3 que es &#8220;irreal&#8221; pensar en su regreso al club.\u00a0<a href=\"https:\/\/www.clarin.com\/deportes\/camp-nou-reabrio-puertas-hinchas-barcelona-pidieron-lionel-messi-ovacion-rosarino-minuto-10_0_cgnYDt3X9r.html\" target=\"_blank\" class=\"feedzy-rss-link-icon\">Read More<\/a><\/p>","protected":false},"excerpt":{"rendered":"<p>El p\u00fablico pidi\u00f3 por el argentino, que acaba de renovar en Inter Miami. La Pulga&#8230;<\/p>\n","protected":false},"author":1,"featured_media":0,"comment_status":"open","ping_status":"open","sticky":false,"template":"","format":"standard","meta":{"footnotes":""},"categories":[6],"tags":[],"class_list":["post-50367","post","type-post","status-publish","format-standard","has-post-thumbnail","hentry","category-deportes"],"_links":{"self":[{"href":"https:\/\/masquenoticiastucuman.com.ar\/index.php?rest_route=\/wp\/v2\/posts\/50367","targetHints":{"allow":["GET"]}}],"collection":[{"href":"https:\/\/masquenoticiastucuman.com.ar\/index.php?rest_route=\/wp\/v2\/posts"}],"about":[{"href":"https:\/\/masquenoticiastucuman.com.ar\/index.php?rest_route=\/wp\/v2\/types\/post"}],"author":[{"embeddable":true,"href":"https:\/\/masquenoticiastucuman.com.ar\/index.php?rest_route=\/wp\/v2\/users\/1"}],"replies":[{"embeddable":true,"href":"https:\/\/masquenoticiastucuman.com.ar\/index.php?rest_route=%2Fwp%2Fv2%2Fcomments&post=50367"}],"version-history":[{"count":0,"href":"https:\/\/masquenoticiastucuman.com.ar\/index.php?rest_route=\/wp\/v2\/posts\/50367\/revisions"}],"wp:attachment":[{"href":"https:\/\/masquenoticiastucuman.com.ar\/index.php?rest_route=%2Fwp%2Fv2%2Fmedia&parent=50367"}],"wp:term":[{"taxonomy":"category","embeddable":true,"href":"https:\/\/masquenoticiastucuman.com.ar\/index.php?rest_route=%2Fwp%2Fv2%2Fcategories&post=50367"},{"taxonomy":"post_tag","embeddable":true,"href":"https:\/\/masquenoticiastucuman.com.ar\/index.php?rest_route=%2Fwp%2Fv2%2Ftags&post=50367"}],"curies":[{"name":"wp","href":"https:\/\/api.w.org\/{rel}","templated":true}]}}