{"id":50372,"date":"2025-11-22T16:01:25","date_gmt":"2025-11-22T19:01:25","guid":{"rendered":"http:\/\/masquenoticiastucuman.com.ar\/?p=50372"},"modified":"2025-11-22T16:01:25","modified_gmt":"2025-11-22T19:01:25","slug":"senales-de-alerta-para-donald-trump-el-caso-epstein-desnuda-las-grietas-en-el-partido-republicano","status":"publish","type":"post","link":"https:\/\/masquenoticiastucuman.com.ar\/?p=50372","title":{"rendered":"Se\u00f1ales de alerta para Donald Trump: el caso Epstein desnuda las grietas en el Partido Republicano"},"content":{"rendered":"<ul>\n<li>La votaci\u00f3n en el Parlamento para que se abran los archivos sobre el fallecido empresario ped\u00f3filo mostraron profundas divisiones en el oficialismo.<\/li>\n<li>El presidente de Estados Unidos enfrenta adem\u00e1s una fuerte ca\u00edda de su imagen por el manejo de la econom\u00eda.<\/li>\n<\/ul>\n<p>\u200bLa votaci\u00f3n en el Parlamento para que se abran los archivos sobre el fallecido empresario ped\u00f3filo mostraron profundas divisiones en el oficialismo.El presidente de Estados Unidos enfrenta adem\u00e1s una fuerte ca\u00edda de su imagen por el manejo de la econom\u00eda.\u00a0<a href=\"https:\/\/www.clarin.com\/mundo\/senales-alerta-donald-trump-caso-epstein-desnuda-grietas-partido-republicano_0_1RsitTRRfp.html\" target=\"_blank\" class=\"feedzy-rss-link-icon\">Read More<\/a><\/p>","protected":false},"excerpt":{"rendered":"<p>La votaci\u00f3n en el Parlamento para que se abran los archivos sobre el fallecido empresario&#8230;<\/p>\n","protected":false},"author":1,"featured_media":50373,"comment_status":"open","ping_status":"open","sticky":false,"template":"","format":"standard","meta":{"footnotes":""},"categories":[4],"tags":[],"class_list":["post-50372","post","type-post","status-publish","format-standard","has-post-thumbnail","hentry","category-internacionales"],"_links":{"self":[{"href":"https:\/\/masquenoticiastucuman.com.ar\/index.php?rest_route=\/wp\/v2\/posts\/50372","targetHints":{"allow":["GET"]}}],"collection":[{"href":"https:\/\/masquenoticiastucuman.com.ar\/index.php?rest_route=\/wp\/v2\/posts"}],"about":[{"href":"https:\/\/masquenoticiastucuman.com.ar\/index.php?rest_route=\/wp\/v2\/types\/post"}],"author":[{"embeddable":true,"href":"https:\/\/masquenoticiastucuman.com.ar\/index.php?rest_route=\/wp\/v2\/users\/1"}],"replies":[{"embeddable":true,"href":"https:\/\/masquenoticiastucuman.com.ar\/index.php?rest_route=%2Fwp%2Fv2%2Fcomments&post=50372"}],"version-history":[{"count":0,"href":"https:\/\/masquenoticiastucuman.com.ar\/index.php?rest_route=\/wp\/v2\/posts\/50372\/revisions"}],"wp:featuredmedia":[{"embeddable":true,"href":"https:\/\/masquenoticiastucuman.com.ar\/index.php?rest_route=\/wp\/v2\/media\/50373"}],"wp:attachment":[{"href":"https:\/\/masquenoticiastucuman.com.ar\/index.php?rest_route=%2Fwp%2Fv2%2Fmedia&parent=50372"}],"wp:term":[{"taxonomy":"category","embeddable":true,"href":"https:\/\/masquenoticiastucuman.com.ar\/index.php?rest_route=%2Fwp%2Fv2%2Fcategories&post=50372"},{"taxonomy":"post_tag","embeddable":true,"href":"https:\/\/masquenoticiastucuman.com.ar\/index.php?rest_route=%2Fwp%2Fv2%2Ftags&post=50372"}],"curies":[{"name":"wp","href":"https:\/\/api.w.org\/{rel}","templated":true}]}}