{"id":50374,"date":"2025-11-22T14:40:29","date_gmt":"2025-11-22T17:40:29","guid":{"rendered":"http:\/\/masquenoticiastucuman.com.ar\/?p=50374"},"modified":"2025-11-22T14:40:29","modified_gmt":"2025-11-22T17:40:29","slug":"en-un-caso-inedito-el-papa-leon-xiv-destituyo-a-un-obispo-espanol-acusado-de-abuso-sexual","status":"publish","type":"post","link":"https:\/\/masquenoticiastucuman.com.ar\/?p=50374","title":{"rendered":"En un caso in\u00e9dito, el Papa Le\u00f3n XIV destituy\u00f3 a un obispo espa\u00f1ol acusado de abuso sexual"},"content":{"rendered":"<ul>\n<li>Es la primera vez que el pont\u00edfice estadounidense acepta la renuncia de un obispo sospechoso de pedofilia.<\/li>\n<li>El obispo de C\u00e1diz es investigado por el supuesto abuso de un seminarista en la d\u00e9cada de 1990.<\/li>\n<\/ul>\n<p>\u200bEs la primera vez que el pont\u00edfice estadounidense acepta la renuncia de un obispo sospechoso de pedofilia.El obispo de C\u00e1diz es investigado por el supuesto abuso de un seminarista en la d\u00e9cada de 1990.\u00a0<a href=\"https:\/\/www.clarin.com\/mundo\/caso-inedito-papa-leon-xiv-destituyo-obispo-espanol-acusado-abuso-sexual_0_0FLDPyHhp1.html\" target=\"_blank\" class=\"feedzy-rss-link-icon\">Read More<\/a><\/p>","protected":false},"excerpt":{"rendered":"<p>Es la primera vez que el pont\u00edfice estadounidense acepta la renuncia de un obispo sospechoso&#8230;<\/p>\n","protected":false},"author":1,"featured_media":50375,"comment_status":"open","ping_status":"open","sticky":false,"template":"","format":"standard","meta":{"footnotes":""},"categories":[4],"tags":[],"class_list":["post-50374","post","type-post","status-publish","format-standard","has-post-thumbnail","hentry","category-internacionales"],"_links":{"self":[{"href":"https:\/\/masquenoticiastucuman.com.ar\/index.php?rest_route=\/wp\/v2\/posts\/50374","targetHints":{"allow":["GET"]}}],"collection":[{"href":"https:\/\/masquenoticiastucuman.com.ar\/index.php?rest_route=\/wp\/v2\/posts"}],"about":[{"href":"https:\/\/masquenoticiastucuman.com.ar\/index.php?rest_route=\/wp\/v2\/types\/post"}],"author":[{"embeddable":true,"href":"https:\/\/masquenoticiastucuman.com.ar\/index.php?rest_route=\/wp\/v2\/users\/1"}],"replies":[{"embeddable":true,"href":"https:\/\/masquenoticiastucuman.com.ar\/index.php?rest_route=%2Fwp%2Fv2%2Fcomments&post=50374"}],"version-history":[{"count":0,"href":"https:\/\/masquenoticiastucuman.com.ar\/index.php?rest_route=\/wp\/v2\/posts\/50374\/revisions"}],"wp:featuredmedia":[{"embeddable":true,"href":"https:\/\/masquenoticiastucuman.com.ar\/index.php?rest_route=\/wp\/v2\/media\/50375"}],"wp:attachment":[{"href":"https:\/\/masquenoticiastucuman.com.ar\/index.php?rest_route=%2Fwp%2Fv2%2Fmedia&parent=50374"}],"wp:term":[{"taxonomy":"category","embeddable":true,"href":"https:\/\/masquenoticiastucuman.com.ar\/index.php?rest_route=%2Fwp%2Fv2%2Fcategories&post=50374"},{"taxonomy":"post_tag","embeddable":true,"href":"https:\/\/masquenoticiastucuman.com.ar\/index.php?rest_route=%2Fwp%2Fv2%2Ftags&post=50374"}],"curies":[{"name":"wp","href":"https:\/\/api.w.org\/{rel}","templated":true}]}}