{"id":50376,"date":"2025-11-22T15:33:48","date_gmt":"2025-11-22T18:33:48","guid":{"rendered":"http:\/\/masquenoticiastucuman.com.ar\/?p=50376"},"modified":"2025-11-22T15:33:48","modified_gmt":"2025-11-22T18:33:48","slug":"murio-ornella-vanoni-la-legendaria-estrella-de-la-cancion-italiana-a-los-91-anos","status":"publish","type":"post","link":"https:\/\/masquenoticiastucuman.com.ar\/?p=50376","title":{"rendered":"Muri\u00f3 Ornella Vanoni, la legendaria estrella de la canci\u00f3n italiana, a los 91 a\u00f1os"},"content":{"rendered":"<ul>\n<li>Falleci\u00f3 en su casa en Mil\u00e1n, por un paro card\u00edaco.<\/li>\n<li>Vendi\u00f3 m\u00e1s de 55 millones de discos y grab\u00f3 40 discos.<\/li>\n<\/ul>\n<p>\u200bFalleci\u00f3 en su casa en Mil\u00e1n, por un paro card\u00edaco.Vendi\u00f3 m\u00e1s de 55 millones de discos y grab\u00f3 40 discos.\u00a0<a href=\"https:\/\/www.clarin.com\/espectaculos\/murio-ornella-vanoni-estrella-cancion-italiana-91-anos_0_ufbAwAsNAh.html\" target=\"_blank\" class=\"feedzy-rss-link-icon\">Read More<\/a><\/p>","protected":false},"excerpt":{"rendered":"<p>Falleci\u00f3 en su casa en Mil\u00e1n, por un paro card\u00edaco. Vendi\u00f3 m\u00e1s de 55 millones&#8230;<\/p>\n","protected":false},"author":1,"featured_media":50377,"comment_status":"open","ping_status":"open","sticky":false,"template":"","format":"standard","meta":{"footnotes":""},"categories":[5],"tags":[],"class_list":["post-50376","post","type-post","status-publish","format-standard","has-post-thumbnail","hentry","category-espectaculo"],"_links":{"self":[{"href":"https:\/\/masquenoticiastucuman.com.ar\/index.php?rest_route=\/wp\/v2\/posts\/50376","targetHints":{"allow":["GET"]}}],"collection":[{"href":"https:\/\/masquenoticiastucuman.com.ar\/index.php?rest_route=\/wp\/v2\/posts"}],"about":[{"href":"https:\/\/masquenoticiastucuman.com.ar\/index.php?rest_route=\/wp\/v2\/types\/post"}],"author":[{"embeddable":true,"href":"https:\/\/masquenoticiastucuman.com.ar\/index.php?rest_route=\/wp\/v2\/users\/1"}],"replies":[{"embeddable":true,"href":"https:\/\/masquenoticiastucuman.com.ar\/index.php?rest_route=%2Fwp%2Fv2%2Fcomments&post=50376"}],"version-history":[{"count":0,"href":"https:\/\/masquenoticiastucuman.com.ar\/index.php?rest_route=\/wp\/v2\/posts\/50376\/revisions"}],"wp:featuredmedia":[{"embeddable":true,"href":"https:\/\/masquenoticiastucuman.com.ar\/index.php?rest_route=\/wp\/v2\/media\/50377"}],"wp:attachment":[{"href":"https:\/\/masquenoticiastucuman.com.ar\/index.php?rest_route=%2Fwp%2Fv2%2Fmedia&parent=50376"}],"wp:term":[{"taxonomy":"category","embeddable":true,"href":"https:\/\/masquenoticiastucuman.com.ar\/index.php?rest_route=%2Fwp%2Fv2%2Fcategories&post=50376"},{"taxonomy":"post_tag","embeddable":true,"href":"https:\/\/masquenoticiastucuman.com.ar\/index.php?rest_route=%2Fwp%2Fv2%2Ftags&post=50376"}],"curies":[{"name":"wp","href":"https:\/\/api.w.org\/{rel}","templated":true}]}}