{"id":50378,"date":"2025-11-22T16:40:23","date_gmt":"2025-11-22T19:40:23","guid":{"rendered":"http:\/\/masquenoticiastucuman.com.ar\/?p=50378"},"modified":"2025-11-22T16:40:23","modified_gmt":"2025-11-22T19:40:23","slug":"copa-davis-espana-le-hizo-tomar-de-su-propia-medicina-a-alemania-vengo-a-la-argentina-y-luchara-con-italia-por-la-ensaladera-de-plata","status":"publish","type":"post","link":"https:\/\/masquenoticiastucuman.com.ar\/?p=50378","title":{"rendered":"Copa Davis: Espa\u00f1a le hizo tomar de su propia medicina a Alemania, veng\u00f3 a la Argentina y luchar\u00e1 con Italia por la Ensaladera de Plata"},"content":{"rendered":"<ul>\n<li>Los alemanes cayeron 1-2, el mismo marcador con el que hace un par de d\u00edas vencieron a los argentinos.<\/li>\n<li>Alexander Zverev, 3 del mundo, no pudo aprovechar las ausencias de Carlos Alcaraz y Jannick Sinner.<\/li>\n<li>A pesar de sus ausencias, el t\u00edtulo se definir\u00e1 entre el vigente bicampe\u00f3n y el m\u00e1s ganador dle siglo.<\/li>\n<\/ul>\n<p>\u200bLos alemanes cayeron 1-2, el mismo marcador con el que hace un par de d\u00edas vencieron a los argentinos.Alexander Zverev, 3 del mundo, no pudo aprovechar las ausencias de Carlos Alcaraz y Jannick Sinner.A pesar de sus ausencias, el t\u00edtulo se definir\u00e1 entre el vigente bicampe\u00f3n y el m\u00e1s ganador dle siglo.\u00a0<a href=\"https:\/\/www.clarin.com\/deportes\/copa-davis-espana-hizo-tomar-propia-medicina-alemania-vengo-argentina-luchara-italia-ensaladera-plata_0_OaDIDfgs3t.html\" target=\"_blank\" class=\"feedzy-rss-link-icon\">Read More<\/a><\/p>","protected":false},"excerpt":{"rendered":"<p>Los alemanes cayeron 1-2, el mismo marcador con el que hace un par de d\u00edas&#8230;<\/p>\n","protected":false},"author":1,"featured_media":0,"comment_status":"open","ping_status":"open","sticky":false,"template":"","format":"standard","meta":{"footnotes":""},"categories":[6],"tags":[],"class_list":["post-50378","post","type-post","status-publish","format-standard","has-post-thumbnail","hentry","category-deportes"],"_links":{"self":[{"href":"https:\/\/masquenoticiastucuman.com.ar\/index.php?rest_route=\/wp\/v2\/posts\/50378","targetHints":{"allow":["GET"]}}],"collection":[{"href":"https:\/\/masquenoticiastucuman.com.ar\/index.php?rest_route=\/wp\/v2\/posts"}],"about":[{"href":"https:\/\/masquenoticiastucuman.com.ar\/index.php?rest_route=\/wp\/v2\/types\/post"}],"author":[{"embeddable":true,"href":"https:\/\/masquenoticiastucuman.com.ar\/index.php?rest_route=\/wp\/v2\/users\/1"}],"replies":[{"embeddable":true,"href":"https:\/\/masquenoticiastucuman.com.ar\/index.php?rest_route=%2Fwp%2Fv2%2Fcomments&post=50378"}],"version-history":[{"count":0,"href":"https:\/\/masquenoticiastucuman.com.ar\/index.php?rest_route=\/wp\/v2\/posts\/50378\/revisions"}],"wp:attachment":[{"href":"https:\/\/masquenoticiastucuman.com.ar\/index.php?rest_route=%2Fwp%2Fv2%2Fmedia&parent=50378"}],"wp:term":[{"taxonomy":"category","embeddable":true,"href":"https:\/\/masquenoticiastucuman.com.ar\/index.php?rest_route=%2Fwp%2Fv2%2Fcategories&post=50378"},{"taxonomy":"post_tag","embeddable":true,"href":"https:\/\/masquenoticiastucuman.com.ar\/index.php?rest_route=%2Fwp%2Fv2%2Ftags&post=50378"}],"curies":[{"name":"wp","href":"https:\/\/api.w.org\/{rel}","templated":true}]}}