{"id":50379,"date":"2025-11-22T18:00:16","date_gmt":"2025-11-22T21:00:16","guid":{"rendered":"http:\/\/masquenoticiastucuman.com.ar\/?p=50379"},"modified":"2025-11-22T18:00:16","modified_gmt":"2025-11-22T21:00:16","slug":"la-cumbre-mundial-sobre-el-clima-termina-sin-acuerdo-sobre-la-reduccion-del-uso-de-combustibles-fosiles","status":"publish","type":"post","link":"https:\/\/masquenoticiastucuman.com.ar\/?p=50379","title":{"rendered":"La cumbre mundial sobre el clima termina sin acuerdo sobre la reducci\u00f3n del uso de combustibles f\u00f3siles"},"content":{"rendered":"<ul>\n<li>La COP30, en la ciudad amaz\u00f3nica de Bel\u00e9m, en Brasil, finaliz\u00f3 con un consenso m\u00ednimo.<\/li>\n<li>El resultado fue un golpe para el presidente Lula da Silva, que hab\u00eda anunciado una COP &#8220;de la verdad&#8221;.<\/li>\n<\/ul>\n<p>\u200bLa COP30, en la ciudad amaz\u00f3nica de Bel\u00e9m, en Brasil, finaliz\u00f3 con un consenso m\u00ednimo.El resultado fue un golpe para el presidente Lula da Silva, que hab\u00eda anunciado una COP &#8220;de la verdad&#8221;.\u00a0<a href=\"https:\/\/www.clarin.com\/mundo\/cumbre-mundial-clima-termina-acuerdo-reduccion-uso-combustibles-fosiles_0_udZJmBauWI.html\" target=\"_blank\" class=\"feedzy-rss-link-icon\">Read More<\/a><\/p>","protected":false},"excerpt":{"rendered":"<p>La COP30, en la ciudad amaz\u00f3nica de Bel\u00e9m, en Brasil, finaliz\u00f3 con un consenso m\u00ednimo&#8230;.<\/p>\n","protected":false},"author":1,"featured_media":50380,"comment_status":"open","ping_status":"open","sticky":false,"template":"","format":"standard","meta":{"footnotes":""},"categories":[4],"tags":[],"class_list":["post-50379","post","type-post","status-publish","format-standard","has-post-thumbnail","hentry","category-internacionales"],"_links":{"self":[{"href":"https:\/\/masquenoticiastucuman.com.ar\/index.php?rest_route=\/wp\/v2\/posts\/50379","targetHints":{"allow":["GET"]}}],"collection":[{"href":"https:\/\/masquenoticiastucuman.com.ar\/index.php?rest_route=\/wp\/v2\/posts"}],"about":[{"href":"https:\/\/masquenoticiastucuman.com.ar\/index.php?rest_route=\/wp\/v2\/types\/post"}],"author":[{"embeddable":true,"href":"https:\/\/masquenoticiastucuman.com.ar\/index.php?rest_route=\/wp\/v2\/users\/1"}],"replies":[{"embeddable":true,"href":"https:\/\/masquenoticiastucuman.com.ar\/index.php?rest_route=%2Fwp%2Fv2%2Fcomments&post=50379"}],"version-history":[{"count":0,"href":"https:\/\/masquenoticiastucuman.com.ar\/index.php?rest_route=\/wp\/v2\/posts\/50379\/revisions"}],"wp:featuredmedia":[{"embeddable":true,"href":"https:\/\/masquenoticiastucuman.com.ar\/index.php?rest_route=\/wp\/v2\/media\/50380"}],"wp:attachment":[{"href":"https:\/\/masquenoticiastucuman.com.ar\/index.php?rest_route=%2Fwp%2Fv2%2Fmedia&parent=50379"}],"wp:term":[{"taxonomy":"category","embeddable":true,"href":"https:\/\/masquenoticiastucuman.com.ar\/index.php?rest_route=%2Fwp%2Fv2%2Fcategories&post=50379"},{"taxonomy":"post_tag","embeddable":true,"href":"https:\/\/masquenoticiastucuman.com.ar\/index.php?rest_route=%2Fwp%2Fv2%2Ftags&post=50379"}],"curies":[{"name":"wp","href":"https:\/\/api.w.org\/{rel}","templated":true}]}}