{"id":50381,"date":"2025-11-22T17:49:58","date_gmt":"2025-11-22T20:49:58","guid":{"rendered":"http:\/\/masquenoticiastucuman.com.ar\/?p=50381"},"modified":"2025-11-22T17:49:58","modified_gmt":"2025-11-22T20:49:58","slug":"despues-del-ultimatum-trump-dice-que-no-es-su-ultima-oferta-para-ucrania","status":"publish","type":"post","link":"https:\/\/masquenoticiastucuman.com.ar\/?p=50381","title":{"rendered":"Despu\u00e9s del ultim\u00e1tum, Trump dice que no es su &#8220;\u00faltima oferta&#8221; para Ucrania"},"content":{"rendered":"<ul>\n<li>El l\u00edder norteamericano agreg\u00f3 que si Ucrania no acepta su pol\u00e9mico plan de 28 puntos, &#8220;podr\u00e1 seguir luchando con todo su coraz\u00f3n&#8221;.<\/li>\n<li>Los l\u00edderes europeos dijeron que el plan &#8220;requerir\u00e1 trabajo adicional&#8221;.<\/li>\n<\/ul>\n<p>\u200bEl l\u00edder norteamericano agreg\u00f3 que si Ucrania no acepta su pol\u00e9mico plan de 28 puntos, &#8220;podr\u00e1 seguir luchando con todo su coraz\u00f3n&#8221;.Los l\u00edderes europeos dijeron que el plan &#8220;requerir\u00e1 trabajo adicional&#8221;.\u00a0<a href=\"https:\/\/www.clarin.com\/mundo\/despues-ultimatum-trump-dice-ultima-oferta-ucrania_0_dS0LqjmV0e.html\" target=\"_blank\" class=\"feedzy-rss-link-icon\">Read More<\/a><\/p>","protected":false},"excerpt":{"rendered":"<p>El l\u00edder norteamericano agreg\u00f3 que si Ucrania no acepta su pol\u00e9mico plan de 28 puntos,&#8230;<\/p>\n","protected":false},"author":1,"featured_media":50382,"comment_status":"open","ping_status":"open","sticky":false,"template":"","format":"standard","meta":{"footnotes":""},"categories":[4],"tags":[],"class_list":["post-50381","post","type-post","status-publish","format-standard","has-post-thumbnail","hentry","category-internacionales"],"_links":{"self":[{"href":"https:\/\/masquenoticiastucuman.com.ar\/index.php?rest_route=\/wp\/v2\/posts\/50381","targetHints":{"allow":["GET"]}}],"collection":[{"href":"https:\/\/masquenoticiastucuman.com.ar\/index.php?rest_route=\/wp\/v2\/posts"}],"about":[{"href":"https:\/\/masquenoticiastucuman.com.ar\/index.php?rest_route=\/wp\/v2\/types\/post"}],"author":[{"embeddable":true,"href":"https:\/\/masquenoticiastucuman.com.ar\/index.php?rest_route=\/wp\/v2\/users\/1"}],"replies":[{"embeddable":true,"href":"https:\/\/masquenoticiastucuman.com.ar\/index.php?rest_route=%2Fwp%2Fv2%2Fcomments&post=50381"}],"version-history":[{"count":0,"href":"https:\/\/masquenoticiastucuman.com.ar\/index.php?rest_route=\/wp\/v2\/posts\/50381\/revisions"}],"wp:featuredmedia":[{"embeddable":true,"href":"https:\/\/masquenoticiastucuman.com.ar\/index.php?rest_route=\/wp\/v2\/media\/50382"}],"wp:attachment":[{"href":"https:\/\/masquenoticiastucuman.com.ar\/index.php?rest_route=%2Fwp%2Fv2%2Fmedia&parent=50381"}],"wp:term":[{"taxonomy":"category","embeddable":true,"href":"https:\/\/masquenoticiastucuman.com.ar\/index.php?rest_route=%2Fwp%2Fv2%2Fcategories&post=50381"},{"taxonomy":"post_tag","embeddable":true,"href":"https:\/\/masquenoticiastucuman.com.ar\/index.php?rest_route=%2Fwp%2Fv2%2Ftags&post=50381"}],"curies":[{"name":"wp","href":"https:\/\/api.w.org\/{rel}","templated":true}]}}