{"id":50390,"date":"2025-11-22T09:29:00","date_gmt":"2025-11-22T12:29:00","guid":{"rendered":"http:\/\/masquenoticiastucuman.com.ar\/?p=50390"},"modified":"2025-11-22T09:29:00","modified_gmt":"2025-11-22T12:29:00","slug":"la-advertencia-de-google-los-riesgos-de-usar-redes-wi-fi-abiertas-en-lugares-publicos","status":"publish","type":"post","link":"https:\/\/masquenoticiastucuman.com.ar\/?p=50390","title":{"rendered":"La advertencia de Google: los riesgos de usar redes Wi-Fi abiertas en lugares p\u00fablicos"},"content":{"rendered":"<p>Un reciente informe de la compa\u00f1\u00eda alert\u00f3 sobre los peligros de conectarse a accesos gratuitos, comunes en hoteles, aeropuertos y cafeter\u00edas<\/p>\n<p>                                                                <!-- Begin comScore Tag --><\/p>\n<p>                                    <img decoding=\"async\" src=\"https:\/\/sb.scorecardresearch.com\/p?c1=2&amp;c2=16597048&amp;cv=3.6.0&amp;cj=1\" \/><\/p>\n<p>                                <!-- End comScore Tag --><\/p>\n<p>                            \u200bUn reciente informe de la compa\u00f1\u00eda alert\u00f3 sobre los peligros de conectarse a accesos gratuitos, comunes en hoteles, aeropuertos y cafeter\u00edas\u00a0<a href=\"https:\/\/www.iprofesional.com\/tecnologia\/442540-advertencia-de-google-riesgos-de-usar-redes-wi-fi-abiertas-en-lugares-publicos-como-hoteles-aeropuertos-cafeterias\" target=\"_blank\" class=\"feedzy-rss-link-icon\">Read More<\/a><\/p>","protected":false},"excerpt":{"rendered":"<p>Un reciente informe de la compa\u00f1\u00eda alert\u00f3 sobre los peligros de conectarse a accesos gratuitos,&#8230;<\/p>\n","protected":false},"author":1,"featured_media":0,"comment_status":"open","ping_status":"open","sticky":false,"template":"","format":"standard","meta":{"footnotes":""},"categories":[8],"tags":[],"class_list":["post-50390","post","type-post","status-publish","format-standard","has-post-thumbnail","hentry","category-tecnologia"],"_links":{"self":[{"href":"https:\/\/masquenoticiastucuman.com.ar\/index.php?rest_route=\/wp\/v2\/posts\/50390","targetHints":{"allow":["GET"]}}],"collection":[{"href":"https:\/\/masquenoticiastucuman.com.ar\/index.php?rest_route=\/wp\/v2\/posts"}],"about":[{"href":"https:\/\/masquenoticiastucuman.com.ar\/index.php?rest_route=\/wp\/v2\/types\/post"}],"author":[{"embeddable":true,"href":"https:\/\/masquenoticiastucuman.com.ar\/index.php?rest_route=\/wp\/v2\/users\/1"}],"replies":[{"embeddable":true,"href":"https:\/\/masquenoticiastucuman.com.ar\/index.php?rest_route=%2Fwp%2Fv2%2Fcomments&post=50390"}],"version-history":[{"count":0,"href":"https:\/\/masquenoticiastucuman.com.ar\/index.php?rest_route=\/wp\/v2\/posts\/50390\/revisions"}],"wp:attachment":[{"href":"https:\/\/masquenoticiastucuman.com.ar\/index.php?rest_route=%2Fwp%2Fv2%2Fmedia&parent=50390"}],"wp:term":[{"taxonomy":"category","embeddable":true,"href":"https:\/\/masquenoticiastucuman.com.ar\/index.php?rest_route=%2Fwp%2Fv2%2Fcategories&post=50390"},{"taxonomy":"post_tag","embeddable":true,"href":"https:\/\/masquenoticiastucuman.com.ar\/index.php?rest_route=%2Fwp%2Fv2%2Ftags&post=50390"}],"curies":[{"name":"wp","href":"https:\/\/api.w.org\/{rel}","templated":true}]}}