{"id":50391,"date":"2025-11-22T19:16:24","date_gmt":"2025-11-22T22:16:24","guid":{"rendered":"http:\/\/masquenoticiastucuman.com.ar\/?p=50391"},"modified":"2025-11-22T19:16:24","modified_gmt":"2025-11-22T22:16:24","slug":"europa-busca-frenar-el-plan-de-estados-unidos-y-rusia-que-significa-la-capitulacion-de-ucrania","status":"publish","type":"post","link":"https:\/\/masquenoticiastucuman.com.ar\/?p=50391","title":{"rendered":"Europa busca frenar el plan de Estados Unidos y Rusia que significa la capitulaci\u00f3n de Ucrania"},"content":{"rendered":"<ul>\n<li>L\u00edderes de la Uni\u00f3n Europea rechazan el ultim\u00e1tum de Donald Trump para que Kiev acepte la propuesta elaborada entre Washington y Mosc\u00fa.<\/li>\n<li>Este domingo se reunir\u00e1n los asesores de seguridad nacional de Gran Breta\u00f1a, Francia y Alemania con los de Ucrania.<\/li>\n<\/ul>\n<p>\u200bL\u00edderes de la Uni\u00f3n Europea rechazan el ultim\u00e1tum de Donald Trump para que Kiev acepte la propuesta elaborada entre Washington y Mosc\u00fa.Este domingo se reunir\u00e1n los asesores de seguridad nacional de Gran Breta\u00f1a, Francia y Alemania con los de Ucrania.\u00a0<a href=\"https:\/\/www.clarin.com\/mundo\/europa-busca-frenar-plan-estados-unidos-rusia-significa-capitulacion-ucrania_0_nXlK82i1Pu.html\" target=\"_blank\" class=\"feedzy-rss-link-icon\">Read More<\/a><\/p>","protected":false},"excerpt":{"rendered":"<p>L\u00edderes de la Uni\u00f3n Europea rechazan el ultim\u00e1tum de Donald Trump para que Kiev acepte&#8230;<\/p>\n","protected":false},"author":1,"featured_media":50392,"comment_status":"open","ping_status":"open","sticky":false,"template":"","format":"standard","meta":{"footnotes":""},"categories":[4],"tags":[],"class_list":["post-50391","post","type-post","status-publish","format-standard","has-post-thumbnail","hentry","category-internacionales"],"_links":{"self":[{"href":"https:\/\/masquenoticiastucuman.com.ar\/index.php?rest_route=\/wp\/v2\/posts\/50391","targetHints":{"allow":["GET"]}}],"collection":[{"href":"https:\/\/masquenoticiastucuman.com.ar\/index.php?rest_route=\/wp\/v2\/posts"}],"about":[{"href":"https:\/\/masquenoticiastucuman.com.ar\/index.php?rest_route=\/wp\/v2\/types\/post"}],"author":[{"embeddable":true,"href":"https:\/\/masquenoticiastucuman.com.ar\/index.php?rest_route=\/wp\/v2\/users\/1"}],"replies":[{"embeddable":true,"href":"https:\/\/masquenoticiastucuman.com.ar\/index.php?rest_route=%2Fwp%2Fv2%2Fcomments&post=50391"}],"version-history":[{"count":0,"href":"https:\/\/masquenoticiastucuman.com.ar\/index.php?rest_route=\/wp\/v2\/posts\/50391\/revisions"}],"wp:featuredmedia":[{"embeddable":true,"href":"https:\/\/masquenoticiastucuman.com.ar\/index.php?rest_route=\/wp\/v2\/media\/50392"}],"wp:attachment":[{"href":"https:\/\/masquenoticiastucuman.com.ar\/index.php?rest_route=%2Fwp%2Fv2%2Fmedia&parent=50391"}],"wp:term":[{"taxonomy":"category","embeddable":true,"href":"https:\/\/masquenoticiastucuman.com.ar\/index.php?rest_route=%2Fwp%2Fv2%2Fcategories&post=50391"},{"taxonomy":"post_tag","embeddable":true,"href":"https:\/\/masquenoticiastucuman.com.ar\/index.php?rest_route=%2Fwp%2Fv2%2Ftags&post=50391"}],"curies":[{"name":"wp","href":"https:\/\/api.w.org\/{rel}","templated":true}]}}