{"id":50395,"date":"2025-11-22T19:53:07","date_gmt":"2025-11-22T22:53:07","guid":{"rendered":"http:\/\/masquenoticiastucuman.com.ar\/?p=50395"},"modified":"2025-11-22T19:53:07","modified_gmt":"2025-11-22T22:53:07","slug":"lanus-campeon-de-la-copa-sudamericana-clasifico-a-barracas-central-a-la-sudamericana-2026-y-mantiene-vivo-el-sueno-de-independiente","status":"publish","type":"post","link":"https:\/\/masquenoticiastucuman.com.ar\/?p=50395","title":{"rendered":"Lan\u00fas campe\u00f3n de la Copa Sudamericana: clasific\u00f3 a Barracas Central a la Sudamericana 2026 y mantiene vivo el sue\u00f1o de Independiente"},"content":{"rendered":"<ul>\n<li>El Grana le gan\u00f3 a Atl\u00e9tico Mineiro en Asunci\u00f3n del Paraguay.<\/li>\n<li>Su consagraci\u00f3n lo meti\u00f3 en la Libertadores del a\u00f1o pr\u00f3ximo.<\/li>\n<li>Pero adem\u00e1s favoreci\u00f3 a otros dos equipos que lo esperaban.<\/li>\n<\/ul>\n<p>\u200bEl Grana le gan\u00f3 a Atl\u00e9tico Mineiro en Asunci\u00f3n del Paraguay.Su consagraci\u00f3n lo meti\u00f3 en la Libertadores del a\u00f1o pr\u00f3ximo.Pero adem\u00e1s favoreci\u00f3 a otros dos equipos que lo esperaban.\u00a0<a href=\"https:\/\/www.clarin.com\/deportes\/lanus-campeon-copa-sudamericana-clasifico-barracas-central-sudamericana-2026-mantiene-vivo-sueno-independiente_0_qB6ntizWnP.html\" target=\"_blank\" class=\"feedzy-rss-link-icon\">Read More<\/a><\/p>","protected":false},"excerpt":{"rendered":"<p>El Grana le gan\u00f3 a Atl\u00e9tico Mineiro en Asunci\u00f3n del Paraguay. Su consagraci\u00f3n lo meti\u00f3&#8230;<\/p>\n","protected":false},"author":1,"featured_media":0,"comment_status":"open","ping_status":"open","sticky":false,"template":"","format":"standard","meta":{"footnotes":""},"categories":[6],"tags":[],"class_list":["post-50395","post","type-post","status-publish","format-standard","has-post-thumbnail","hentry","category-deportes"],"_links":{"self":[{"href":"https:\/\/masquenoticiastucuman.com.ar\/index.php?rest_route=\/wp\/v2\/posts\/50395","targetHints":{"allow":["GET"]}}],"collection":[{"href":"https:\/\/masquenoticiastucuman.com.ar\/index.php?rest_route=\/wp\/v2\/posts"}],"about":[{"href":"https:\/\/masquenoticiastucuman.com.ar\/index.php?rest_route=\/wp\/v2\/types\/post"}],"author":[{"embeddable":true,"href":"https:\/\/masquenoticiastucuman.com.ar\/index.php?rest_route=\/wp\/v2\/users\/1"}],"replies":[{"embeddable":true,"href":"https:\/\/masquenoticiastucuman.com.ar\/index.php?rest_route=%2Fwp%2Fv2%2Fcomments&post=50395"}],"version-history":[{"count":0,"href":"https:\/\/masquenoticiastucuman.com.ar\/index.php?rest_route=\/wp\/v2\/posts\/50395\/revisions"}],"wp:attachment":[{"href":"https:\/\/masquenoticiastucuman.com.ar\/index.php?rest_route=%2Fwp%2Fv2%2Fmedia&parent=50395"}],"wp:term":[{"taxonomy":"category","embeddable":true,"href":"https:\/\/masquenoticiastucuman.com.ar\/index.php?rest_route=%2Fwp%2Fv2%2Fcategories&post=50395"},{"taxonomy":"post_tag","embeddable":true,"href":"https:\/\/masquenoticiastucuman.com.ar\/index.php?rest_route=%2Fwp%2Fv2%2Ftags&post=50395"}],"curies":[{"name":"wp","href":"https:\/\/api.w.org\/{rel}","templated":true}]}}