{"id":50396,"date":"2025-11-22T19:52:41","date_gmt":"2025-11-22T22:52:41","guid":{"rendered":"http:\/\/masquenoticiastucuman.com.ar\/?p=50396"},"modified":"2025-11-22T19:52:41","modified_gmt":"2025-11-22T22:52:41","slug":"lanus-campeon-de-la-copa-sudamericana-como-quedo-el-historial-de-titulos-internacionales-de-los-equipos-argentinos","status":"publish","type":"post","link":"https:\/\/masquenoticiastucuman.com.ar\/?p=50396","title":{"rendered":"Lan\u00fas campe\u00f3n de la Copa Sudamericana: c\u00f3mo qued\u00f3 el historial de t\u00edtulos internacionales de los equipos argentinos"},"content":{"rendered":"<ul>\n<li>El Grana logr\u00f3 su tercera estrella internacional y el octavo oficial de toda su historia.<\/li>\n<li>Con el t\u00edtulo jugar\u00e1 la Recopa y logr\u00f3 adem\u00e1s la clasificaci\u00f3n a la Libertadores 2026.<\/li>\n<\/ul>\n<p>\u200bEl Grana logr\u00f3 su tercera estrella internacional y el octavo oficial de toda su historia.Con el t\u00edtulo jugar\u00e1 la Recopa y logr\u00f3 adem\u00e1s la clasificaci\u00f3n a la Libertadores 2026.\u00a0<a href=\"https:\/\/www.clarin.com\/deportes\/lanus-campeon-copa-sudamericana-quedo-historial-titulos-internacionales-equipos-argentinos_0_CdKYbpSO26.html\" target=\"_blank\" class=\"feedzy-rss-link-icon\">Read More<\/a><\/p>","protected":false},"excerpt":{"rendered":"<p>El Grana logr\u00f3 su tercera estrella internacional y el octavo oficial de toda su historia&#8230;.<\/p>\n","protected":false},"author":1,"featured_media":0,"comment_status":"open","ping_status":"open","sticky":false,"template":"","format":"standard","meta":{"footnotes":""},"categories":[6],"tags":[],"class_list":["post-50396","post","type-post","status-publish","format-standard","has-post-thumbnail","hentry","category-deportes"],"_links":{"self":[{"href":"https:\/\/masquenoticiastucuman.com.ar\/index.php?rest_route=\/wp\/v2\/posts\/50396","targetHints":{"allow":["GET"]}}],"collection":[{"href":"https:\/\/masquenoticiastucuman.com.ar\/index.php?rest_route=\/wp\/v2\/posts"}],"about":[{"href":"https:\/\/masquenoticiastucuman.com.ar\/index.php?rest_route=\/wp\/v2\/types\/post"}],"author":[{"embeddable":true,"href":"https:\/\/masquenoticiastucuman.com.ar\/index.php?rest_route=\/wp\/v2\/users\/1"}],"replies":[{"embeddable":true,"href":"https:\/\/masquenoticiastucuman.com.ar\/index.php?rest_route=%2Fwp%2Fv2%2Fcomments&post=50396"}],"version-history":[{"count":0,"href":"https:\/\/masquenoticiastucuman.com.ar\/index.php?rest_route=\/wp\/v2\/posts\/50396\/revisions"}],"wp:attachment":[{"href":"https:\/\/masquenoticiastucuman.com.ar\/index.php?rest_route=%2Fwp%2Fv2%2Fmedia&parent=50396"}],"wp:term":[{"taxonomy":"category","embeddable":true,"href":"https:\/\/masquenoticiastucuman.com.ar\/index.php?rest_route=%2Fwp%2Fv2%2Fcategories&post=50396"},{"taxonomy":"post_tag","embeddable":true,"href":"https:\/\/masquenoticiastucuman.com.ar\/index.php?rest_route=%2Fwp%2Fv2%2Ftags&post=50396"}],"curies":[{"name":"wp","href":"https:\/\/api.w.org\/{rel}","templated":true}]}}