{"id":50399,"date":"2025-11-22T20:46:01","date_gmt":"2025-11-22T23:46:01","guid":{"rendered":"http:\/\/masquenoticiastucuman.com.ar\/?p=50399"},"modified":"2025-11-22T20:46:01","modified_gmt":"2025-11-22T23:46:01","slug":"el-1x1-de-lanus-campeon-de-la-copa-sudamericana-losada-se-llevo-todos-los-aplausos-pero-tuvo-a-izquierdoz-y-canale-como-sus-protectores","status":"publish","type":"post","link":"https:\/\/masquenoticiastucuman.com.ar\/?p=50399","title":{"rendered":"El 1&#215;1 de Lan\u00fas campe\u00f3n de la Copa Sudamericana: Losada se llev\u00f3 todos los aplausos, pero tuvo a Izquierdoz y Canale como sus protectores"},"content":{"rendered":"<ul>\n<li>El arquero fue clave con sus tapadas en los 120 y, sobre todo, en los penales.<\/li>\n<li>Partidazo del Cali y del paraguayo, que anularon a los atacantes del Granate.<\/li>\n<\/ul>\n<p>\u200bEl arquero fue clave con sus tapadas en los 120 y, sobre todo, en los penales.Partidazo del Cali y del paraguayo, que anularon a los atacantes del Granate.\u00a0<a href=\"https:\/\/www.clarin.com\/deportes\/1x1-lanus-campeon-copa-sudamericana-losada-llevo-aplausos-izquierdoz-canale-protectores_0_7kKM4QA0jQ.html\" target=\"_blank\" class=\"feedzy-rss-link-icon\">Read More<\/a><\/p>","protected":false},"excerpt":{"rendered":"<p>El arquero fue clave con sus tapadas en los 120 y, sobre todo, en los&#8230;<\/p>\n","protected":false},"author":1,"featured_media":0,"comment_status":"open","ping_status":"open","sticky":false,"template":"","format":"standard","meta":{"footnotes":""},"categories":[6],"tags":[],"class_list":["post-50399","post","type-post","status-publish","format-standard","has-post-thumbnail","hentry","category-deportes"],"_links":{"self":[{"href":"https:\/\/masquenoticiastucuman.com.ar\/index.php?rest_route=\/wp\/v2\/posts\/50399","targetHints":{"allow":["GET"]}}],"collection":[{"href":"https:\/\/masquenoticiastucuman.com.ar\/index.php?rest_route=\/wp\/v2\/posts"}],"about":[{"href":"https:\/\/masquenoticiastucuman.com.ar\/index.php?rest_route=\/wp\/v2\/types\/post"}],"author":[{"embeddable":true,"href":"https:\/\/masquenoticiastucuman.com.ar\/index.php?rest_route=\/wp\/v2\/users\/1"}],"replies":[{"embeddable":true,"href":"https:\/\/masquenoticiastucuman.com.ar\/index.php?rest_route=%2Fwp%2Fv2%2Fcomments&post=50399"}],"version-history":[{"count":0,"href":"https:\/\/masquenoticiastucuman.com.ar\/index.php?rest_route=\/wp\/v2\/posts\/50399\/revisions"}],"wp:attachment":[{"href":"https:\/\/masquenoticiastucuman.com.ar\/index.php?rest_route=%2Fwp%2Fv2%2Fmedia&parent=50399"}],"wp:term":[{"taxonomy":"category","embeddable":true,"href":"https:\/\/masquenoticiastucuman.com.ar\/index.php?rest_route=%2Fwp%2Fv2%2Fcategories&post=50399"},{"taxonomy":"post_tag","embeddable":true,"href":"https:\/\/masquenoticiastucuman.com.ar\/index.php?rest_route=%2Fwp%2Fv2%2Ftags&post=50399"}],"curies":[{"name":"wp","href":"https:\/\/api.w.org\/{rel}","templated":true}]}}