{"id":50404,"date":"2025-11-22T23:07:34","date_gmt":"2025-11-23T02:07:34","guid":{"rendered":"http:\/\/masquenoticiastucuman.com.ar\/?p=50404"},"modified":"2025-11-22T23:07:34","modified_gmt":"2025-11-23T02:07:34","slug":"las-seis-aerolineas-que-suspendieron-sus-vuelos-a-venezuela-tras-la-advertencia-de-ee-uu-por-el-aumento-de-actividad-militar","status":"publish","type":"post","link":"https:\/\/masquenoticiastucuman.com.ar\/?p=50404","title":{"rendered":"Las seis aerol\u00edneas que suspendieron sus vuelos a Venezuela tras la advertencia de EE.UU. por el aumento de actividad militar"},"content":{"rendered":"<ul>\n<li>Las compa\u00f1\u00edas afectadas, de Am\u00e9rica y Europa, cancelaron sus servicios por tiempo indeterminado tras las alertas de seguridad emitidas por Washington.<\/li>\n<li>Otras aerol\u00edneas mantienen operaciones y siguen de cerca la situaci\u00f3n en el espacio a\u00e9reo venezolano.<\/li>\n<\/ul>\n<p>\u200bLas compa\u00f1\u00edas afectadas, de Am\u00e9rica y Europa, cancelaron sus servicios por tiempo indeterminado tras las alertas de seguridad emitidas por Washington.Otras aerol\u00edneas mantienen operaciones y siguen de cerca la situaci\u00f3n en el espacio a\u00e9reo venezolano.\u00a0<a href=\"https:\/\/www.clarin.com\/mundo\/aerolineas-suspendieron-vuelos-venezuela-advertencia-eeuu-aumento-actividad-militar_0_I2TqwlzXsj.html\" target=\"_blank\" class=\"feedzy-rss-link-icon\">Read More<\/a><\/p>","protected":false},"excerpt":{"rendered":"<p>Las compa\u00f1\u00edas afectadas, de Am\u00e9rica y Europa, cancelaron sus servicios por tiempo indeterminado tras las&#8230;<\/p>\n","protected":false},"author":1,"featured_media":50405,"comment_status":"open","ping_status":"open","sticky":false,"template":"","format":"standard","meta":{"footnotes":""},"categories":[4],"tags":[],"class_list":["post-50404","post","type-post","status-publish","format-standard","has-post-thumbnail","hentry","category-internacionales"],"_links":{"self":[{"href":"https:\/\/masquenoticiastucuman.com.ar\/index.php?rest_route=\/wp\/v2\/posts\/50404","targetHints":{"allow":["GET"]}}],"collection":[{"href":"https:\/\/masquenoticiastucuman.com.ar\/index.php?rest_route=\/wp\/v2\/posts"}],"about":[{"href":"https:\/\/masquenoticiastucuman.com.ar\/index.php?rest_route=\/wp\/v2\/types\/post"}],"author":[{"embeddable":true,"href":"https:\/\/masquenoticiastucuman.com.ar\/index.php?rest_route=\/wp\/v2\/users\/1"}],"replies":[{"embeddable":true,"href":"https:\/\/masquenoticiastucuman.com.ar\/index.php?rest_route=%2Fwp%2Fv2%2Fcomments&post=50404"}],"version-history":[{"count":0,"href":"https:\/\/masquenoticiastucuman.com.ar\/index.php?rest_route=\/wp\/v2\/posts\/50404\/revisions"}],"wp:featuredmedia":[{"embeddable":true,"href":"https:\/\/masquenoticiastucuman.com.ar\/index.php?rest_route=\/wp\/v2\/media\/50405"}],"wp:attachment":[{"href":"https:\/\/masquenoticiastucuman.com.ar\/index.php?rest_route=%2Fwp%2Fv2%2Fmedia&parent=50404"}],"wp:term":[{"taxonomy":"category","embeddable":true,"href":"https:\/\/masquenoticiastucuman.com.ar\/index.php?rest_route=%2Fwp%2Fv2%2Fcategories&post=50404"},{"taxonomy":"post_tag","embeddable":true,"href":"https:\/\/masquenoticiastucuman.com.ar\/index.php?rest_route=%2Fwp%2Fv2%2Ftags&post=50404"}],"curies":[{"name":"wp","href":"https:\/\/api.w.org\/{rel}","templated":true}]}}