{"id":50407,"date":"2025-11-22T23:22:56","date_gmt":"2025-11-23T02:22:56","guid":{"rendered":"http:\/\/masquenoticiastucuman.com.ar\/?p=50407"},"modified":"2025-11-22T23:22:56","modified_gmt":"2025-11-23T02:22:56","slug":"sin-polemicas-estudiantes-de-rio-cuarto-saco-buena-ventaja-ante-deportivo-madryn-en-la-ida-de-la-final-del-reducido-de-la-primera-nacional","status":"publish","type":"post","link":"https:\/\/masquenoticiastucuman.com.ar\/?p=50407","title":{"rendered":"Sin pol\u00e9micas, Estudiantes de R\u00edo Cuarto sac\u00f3 buena ventaja ante Deportivo Madryn en la ida de la final del Reducido de la Primera Nacional"},"content":{"rendered":"<ul>\n<li>Fue 2-0 para el Le\u00f3n del Imperio.<\/li>\n<li>Tom\u00e1s Gonz\u00e1lez y Juan Antonini marcaron los goles.<\/li>\n<li>La revancha ser\u00e1 el domingo en Chubut.<\/li>\n<\/ul>\n<p>\u200bFue 2-0 para el Le\u00f3n del Imperio.Tom\u00e1s Gonz\u00e1lez y Juan Antonini marcaron los goles.La revancha ser\u00e1 el domingo en Chubut.\u00a0<a href=\"https:\/\/www.clarin.com\/deportes\/polemicas-estudiantes-rio-cuarto-saco-buena-ventaja-deportivo-madryn-ida-final-reducido-primera-nacional_0_O53vi7KXIo.html\" target=\"_blank\" class=\"feedzy-rss-link-icon\">Read More<\/a><\/p>","protected":false},"excerpt":{"rendered":"<p>Fue 2-0 para el Le\u00f3n del Imperio. Tom\u00e1s Gonz\u00e1lez y Juan Antonini marcaron los goles&#8230;.<\/p>\n","protected":false},"author":1,"featured_media":0,"comment_status":"open","ping_status":"open","sticky":false,"template":"","format":"standard","meta":{"footnotes":""},"categories":[6],"tags":[],"class_list":["post-50407","post","type-post","status-publish","format-standard","has-post-thumbnail","hentry","category-deportes"],"_links":{"self":[{"href":"https:\/\/masquenoticiastucuman.com.ar\/index.php?rest_route=\/wp\/v2\/posts\/50407","targetHints":{"allow":["GET"]}}],"collection":[{"href":"https:\/\/masquenoticiastucuman.com.ar\/index.php?rest_route=\/wp\/v2\/posts"}],"about":[{"href":"https:\/\/masquenoticiastucuman.com.ar\/index.php?rest_route=\/wp\/v2\/types\/post"}],"author":[{"embeddable":true,"href":"https:\/\/masquenoticiastucuman.com.ar\/index.php?rest_route=\/wp\/v2\/users\/1"}],"replies":[{"embeddable":true,"href":"https:\/\/masquenoticiastucuman.com.ar\/index.php?rest_route=%2Fwp%2Fv2%2Fcomments&post=50407"}],"version-history":[{"count":0,"href":"https:\/\/masquenoticiastucuman.com.ar\/index.php?rest_route=\/wp\/v2\/posts\/50407\/revisions"}],"wp:attachment":[{"href":"https:\/\/masquenoticiastucuman.com.ar\/index.php?rest_route=%2Fwp%2Fv2%2Fmedia&parent=50407"}],"wp:term":[{"taxonomy":"category","embeddable":true,"href":"https:\/\/masquenoticiastucuman.com.ar\/index.php?rest_route=%2Fwp%2Fv2%2Fcategories&post=50407"},{"taxonomy":"post_tag","embeddable":true,"href":"https:\/\/masquenoticiastucuman.com.ar\/index.php?rest_route=%2Fwp%2Fv2%2Ftags&post=50407"}],"curies":[{"name":"wp","href":"https:\/\/api.w.org\/{rel}","templated":true}]}}