{"id":50420,"date":"2025-11-23T09:00:35","date_gmt":"2025-11-23T12:00:35","guid":{"rendered":"http:\/\/masquenoticiastucuman.com.ar\/?p=50420"},"modified":"2025-11-23T09:00:35","modified_gmt":"2025-11-23T12:00:35","slug":"argentina-y-su-viaje-mas-largo-para-el-debut-en-la-copa-davis-2026-visitara-a-corea-del-sur-en-febrero","status":"publish","type":"post","link":"https:\/\/masquenoticiastucuman.com.ar\/?p=50420","title":{"rendered":"Argentina y su &#8220;viaje m\u00e1s largo&#8221; para el debut en la Copa Davis 2026: visitar\u00e1 a Corea del Sur en febrero"},"content":{"rendered":"<ul>\n<li>As\u00ed lo determin\u00f3 el sorteo realizado este domingo en Bologna, antes de la final entre Espa\u00f1a e Italia.<\/li>\n<li>Si avanza a la siguiente instancia, el conjunto albiceleste ser\u00e1 local.<\/li>\n<\/ul>\n<p>\u200bAs\u00ed lo determin\u00f3 el sorteo realizado este domingo en Bologna, antes de la final entre Espa\u00f1a e Italia.Si avanza a la siguiente instancia, el conjunto albiceleste ser\u00e1 local.\u00a0<a href=\"https:\/\/www.clarin.com\/deportes\/argentina-viaje-largo-debut-copa-davis-2026-visitara-corea-sur-febrero_0_AZVqX3kaOC.html\" target=\"_blank\" class=\"feedzy-rss-link-icon\">Read More<\/a><\/p>","protected":false},"excerpt":{"rendered":"<p>As\u00ed lo determin\u00f3 el sorteo realizado este domingo en Bologna, antes de la final entre&#8230;<\/p>\n","protected":false},"author":1,"featured_media":0,"comment_status":"open","ping_status":"open","sticky":false,"template":"","format":"standard","meta":{"footnotes":""},"categories":[6],"tags":[],"class_list":["post-50420","post","type-post","status-publish","format-standard","has-post-thumbnail","hentry","category-deportes"],"_links":{"self":[{"href":"https:\/\/masquenoticiastucuman.com.ar\/index.php?rest_route=\/wp\/v2\/posts\/50420","targetHints":{"allow":["GET"]}}],"collection":[{"href":"https:\/\/masquenoticiastucuman.com.ar\/index.php?rest_route=\/wp\/v2\/posts"}],"about":[{"href":"https:\/\/masquenoticiastucuman.com.ar\/index.php?rest_route=\/wp\/v2\/types\/post"}],"author":[{"embeddable":true,"href":"https:\/\/masquenoticiastucuman.com.ar\/index.php?rest_route=\/wp\/v2\/users\/1"}],"replies":[{"embeddable":true,"href":"https:\/\/masquenoticiastucuman.com.ar\/index.php?rest_route=%2Fwp%2Fv2%2Fcomments&post=50420"}],"version-history":[{"count":0,"href":"https:\/\/masquenoticiastucuman.com.ar\/index.php?rest_route=\/wp\/v2\/posts\/50420\/revisions"}],"wp:attachment":[{"href":"https:\/\/masquenoticiastucuman.com.ar\/index.php?rest_route=%2Fwp%2Fv2%2Fmedia&parent=50420"}],"wp:term":[{"taxonomy":"category","embeddable":true,"href":"https:\/\/masquenoticiastucuman.com.ar\/index.php?rest_route=%2Fwp%2Fv2%2Fcategories&post=50420"},{"taxonomy":"post_tag","embeddable":true,"href":"https:\/\/masquenoticiastucuman.com.ar\/index.php?rest_route=%2Fwp%2Fv2%2Ftags&post=50420"}],"curies":[{"name":"wp","href":"https:\/\/api.w.org\/{rel}","templated":true}]}}