{"id":50422,"date":"2025-11-23T10:29:05","date_gmt":"2025-11-23T13:29:05","guid":{"rendered":"http:\/\/masquenoticiastucuman.com.ar\/?p=50422"},"modified":"2025-11-23T10:29:05","modified_gmt":"2025-11-23T13:29:05","slug":"antes-de-su-primer-viaje-afuera-de-roma-el-papa-leon-xiv-pide-que-los-cristianos-esten-unidos-como-signo-de-paz","status":"publish","type":"post","link":"https:\/\/masquenoticiastucuman.com.ar\/?p=50422","title":{"rendered":"Antes de su primer viaje afuera de Roma, el papa Le\u00f3n XIV pide que los cristianos est\u00e9n &#8220;unidos como signo de paz\u201d"},"content":{"rendered":"<ul>\n<li>Alienta en un documento a \u201cun renovado empe\u00f1o en la profesi\u00f3n de la fe\u201d<\/li>\n<li>Esta semana iniciar\u00e1 una visita a Turqu\u00eda y L\u00edbano.<\/li>\n<\/ul>\n<p>\u200bAlienta en un documento a \u201cun renovado empe\u00f1o en la profesi\u00f3n de la fe\u201dEsta semana iniciar\u00e1 una visita a Turqu\u00eda y L\u00edbano.\u00a0<a href=\"https:\/\/www.clarin.com\/mundo\/primer-viaje-afuera-roma-papa-leon-xiv-pide-cristianos-unidos-signo-paz_0_DAN1WRLMsG.html\" target=\"_blank\" class=\"feedzy-rss-link-icon\">Read More<\/a><\/p>","protected":false},"excerpt":{"rendered":"<p>Alienta en un documento a \u201cun renovado empe\u00f1o en la profesi\u00f3n de la fe\u201d Esta&#8230;<\/p>\n","protected":false},"author":1,"featured_media":50423,"comment_status":"open","ping_status":"open","sticky":false,"template":"","format":"standard","meta":{"footnotes":""},"categories":[4],"tags":[],"class_list":["post-50422","post","type-post","status-publish","format-standard","has-post-thumbnail","hentry","category-internacionales"],"_links":{"self":[{"href":"https:\/\/masquenoticiastucuman.com.ar\/index.php?rest_route=\/wp\/v2\/posts\/50422","targetHints":{"allow":["GET"]}}],"collection":[{"href":"https:\/\/masquenoticiastucuman.com.ar\/index.php?rest_route=\/wp\/v2\/posts"}],"about":[{"href":"https:\/\/masquenoticiastucuman.com.ar\/index.php?rest_route=\/wp\/v2\/types\/post"}],"author":[{"embeddable":true,"href":"https:\/\/masquenoticiastucuman.com.ar\/index.php?rest_route=\/wp\/v2\/users\/1"}],"replies":[{"embeddable":true,"href":"https:\/\/masquenoticiastucuman.com.ar\/index.php?rest_route=%2Fwp%2Fv2%2Fcomments&post=50422"}],"version-history":[{"count":0,"href":"https:\/\/masquenoticiastucuman.com.ar\/index.php?rest_route=\/wp\/v2\/posts\/50422\/revisions"}],"wp:featuredmedia":[{"embeddable":true,"href":"https:\/\/masquenoticiastucuman.com.ar\/index.php?rest_route=\/wp\/v2\/media\/50423"}],"wp:attachment":[{"href":"https:\/\/masquenoticiastucuman.com.ar\/index.php?rest_route=%2Fwp%2Fv2%2Fmedia&parent=50422"}],"wp:term":[{"taxonomy":"category","embeddable":true,"href":"https:\/\/masquenoticiastucuman.com.ar\/index.php?rest_route=%2Fwp%2Fv2%2Fcategories&post=50422"},{"taxonomy":"post_tag","embeddable":true,"href":"https:\/\/masquenoticiastucuman.com.ar\/index.php?rest_route=%2Fwp%2Fv2%2Ftags&post=50422"}],"curies":[{"name":"wp","href":"https:\/\/api.w.org\/{rel}","templated":true}]}}