{"id":50424,"date":"2025-11-23T11:07:01","date_gmt":"2025-11-23T14:07:01","guid":{"rendered":"http:\/\/masquenoticiastucuman.com.ar\/?p=50424"},"modified":"2025-11-23T11:07:01","modified_gmt":"2025-11-23T14:07:01","slug":"papelon-mundial-del-real-madrid-quiso-homenajear-a-los-hermanos-jota-pero-se-confundio-y-publico-una-foto-de-un-actual-jugador-del-elche","status":"publish","type":"post","link":"https:\/\/masquenoticiastucuman.com.ar\/?p=50424","title":{"rendered":"Papel\u00f3n mundial del Real Madrid: quiso homenajear a los hermanos Jota pero se confundi\u00f3 y public\u00f3 una foto de un actual jugador del Elche"},"content":{"rendered":"<ul>\n<li>Andr\u00e9 Silva muri\u00f3 junto a Diogo Jota en un accidente de tr\u00e1nsito hace unos meses atr\u00e1s, pero en su lugar apareci\u00f3 la imagen de Andr\u00e9 Da Silva.<\/li>\n<li>Fue durante la proyecci\u00f3n del obituario 2025 en la Asamblea General Ordinaria del club espa\u00f1ol.<\/li>\n<li>&#8220;Fue un error humano&#8221;, afirm\u00f3 el presidente Florentino P\u00e9rez.<\/li>\n<\/ul>\n<p>\u200bAndr\u00e9 Silva muri\u00f3 junto a Diogo Jota en un accidente de tr\u00e1nsito hace unos meses atr\u00e1s, pero en su lugar apareci\u00f3 la imagen de Andr\u00e9 Da Silva.Fue durante la proyecci\u00f3n del obituario 2025 en la Asamblea General Ordinaria del club espa\u00f1ol.&#8221;Fue un error humano&#8221;, afirm\u00f3 el presidente Florentino P\u00e9rez.\u00a0<a href=\"https:\/\/www.clarin.com\/deportes\/papelon-mundial-real-madrid-quiso-homenajear-hermanos-jota-confundio-publico-foto-actual-jugador-elche_0_pCP5XL3zbL.html\" target=\"_blank\" class=\"feedzy-rss-link-icon\">Read More<\/a><\/p>","protected":false},"excerpt":{"rendered":"<p>Andr\u00e9 Silva muri\u00f3 junto a Diogo Jota en un accidente de tr\u00e1nsito hace unos meses&#8230;<\/p>\n","protected":false},"author":1,"featured_media":0,"comment_status":"open","ping_status":"open","sticky":false,"template":"","format":"standard","meta":{"footnotes":""},"categories":[6],"tags":[],"class_list":["post-50424","post","type-post","status-publish","format-standard","has-post-thumbnail","hentry","category-deportes"],"_links":{"self":[{"href":"https:\/\/masquenoticiastucuman.com.ar\/index.php?rest_route=\/wp\/v2\/posts\/50424","targetHints":{"allow":["GET"]}}],"collection":[{"href":"https:\/\/masquenoticiastucuman.com.ar\/index.php?rest_route=\/wp\/v2\/posts"}],"about":[{"href":"https:\/\/masquenoticiastucuman.com.ar\/index.php?rest_route=\/wp\/v2\/types\/post"}],"author":[{"embeddable":true,"href":"https:\/\/masquenoticiastucuman.com.ar\/index.php?rest_route=\/wp\/v2\/users\/1"}],"replies":[{"embeddable":true,"href":"https:\/\/masquenoticiastucuman.com.ar\/index.php?rest_route=%2Fwp%2Fv2%2Fcomments&post=50424"}],"version-history":[{"count":0,"href":"https:\/\/masquenoticiastucuman.com.ar\/index.php?rest_route=\/wp\/v2\/posts\/50424\/revisions"}],"wp:attachment":[{"href":"https:\/\/masquenoticiastucuman.com.ar\/index.php?rest_route=%2Fwp%2Fv2%2Fmedia&parent=50424"}],"wp:term":[{"taxonomy":"category","embeddable":true,"href":"https:\/\/masquenoticiastucuman.com.ar\/index.php?rest_route=%2Fwp%2Fv2%2Fcategories&post=50424"},{"taxonomy":"post_tag","embeddable":true,"href":"https:\/\/masquenoticiastucuman.com.ar\/index.php?rest_route=%2Fwp%2Fv2%2Ftags&post=50424"}],"curies":[{"name":"wp","href":"https:\/\/api.w.org\/{rel}","templated":true}]}}