{"id":50425,"date":"2025-11-23T11:27:50","date_gmt":"2025-11-23T14:27:50","guid":{"rendered":"http:\/\/masquenoticiastucuman.com.ar\/?p=50425"},"modified":"2025-11-23T11:27:50","modified_gmt":"2025-11-23T14:27:50","slug":"miranda-inicio-su-invasion-pop-en-ferro-entre-rumores-de-separacion-y-parate-de-shows","status":"publish","type":"post","link":"https:\/\/masquenoticiastucuman.com.ar\/?p=50425","title":{"rendered":"Miranda! inici\u00f3 su invasi\u00f3n pop en Ferro, entre rumores de separaci\u00f3n y parate de shows"},"content":{"rendered":"<ul>\n<li>Ale Sergi y Juliana Gattas dieron el primero de tres conciertos en el estadio de Caballito. Estuvo Lali como invitada.<\/li>\n<li>D\u00edas atr\u00e1s, los programas de chismes hablaron de un final del grupo, pero solo ser\u00e1 un receso.<\/li>\n<\/ul>\n<p>\u200bAle Sergi y Juliana Gattas dieron el primero de tres conciertos en el estadio de Caballito. Estuvo Lali como invitada.D\u00edas atr\u00e1s, los programas de chismes hablaron de un final del grupo, pero solo ser\u00e1 un receso.\u00a0<a href=\"https:\/\/www.clarin.com\/espectaculos\/miranda-inicio-invasion-pop-ferro-rumores-separacion-parate-shows_0_zAgez6Dshv.html\" target=\"_blank\" class=\"feedzy-rss-link-icon\">Read More<\/a><\/p>","protected":false},"excerpt":{"rendered":"<p>Ale Sergi y Juliana Gattas dieron el primero de tres conciertos en el estadio de&#8230;<\/p>\n","protected":false},"author":1,"featured_media":50426,"comment_status":"open","ping_status":"open","sticky":false,"template":"","format":"standard","meta":{"footnotes":""},"categories":[5],"tags":[],"class_list":["post-50425","post","type-post","status-publish","format-standard","has-post-thumbnail","hentry","category-espectaculo"],"_links":{"self":[{"href":"https:\/\/masquenoticiastucuman.com.ar\/index.php?rest_route=\/wp\/v2\/posts\/50425","targetHints":{"allow":["GET"]}}],"collection":[{"href":"https:\/\/masquenoticiastucuman.com.ar\/index.php?rest_route=\/wp\/v2\/posts"}],"about":[{"href":"https:\/\/masquenoticiastucuman.com.ar\/index.php?rest_route=\/wp\/v2\/types\/post"}],"author":[{"embeddable":true,"href":"https:\/\/masquenoticiastucuman.com.ar\/index.php?rest_route=\/wp\/v2\/users\/1"}],"replies":[{"embeddable":true,"href":"https:\/\/masquenoticiastucuman.com.ar\/index.php?rest_route=%2Fwp%2Fv2%2Fcomments&post=50425"}],"version-history":[{"count":0,"href":"https:\/\/masquenoticiastucuman.com.ar\/index.php?rest_route=\/wp\/v2\/posts\/50425\/revisions"}],"wp:featuredmedia":[{"embeddable":true,"href":"https:\/\/masquenoticiastucuman.com.ar\/index.php?rest_route=\/wp\/v2\/media\/50426"}],"wp:attachment":[{"href":"https:\/\/masquenoticiastucuman.com.ar\/index.php?rest_route=%2Fwp%2Fv2%2Fmedia&parent=50425"}],"wp:term":[{"taxonomy":"category","embeddable":true,"href":"https:\/\/masquenoticiastucuman.com.ar\/index.php?rest_route=%2Fwp%2Fv2%2Fcategories&post=50425"},{"taxonomy":"post_tag","embeddable":true,"href":"https:\/\/masquenoticiastucuman.com.ar\/index.php?rest_route=%2Fwp%2Fv2%2Ftags&post=50425"}],"curies":[{"name":"wp","href":"https:\/\/api.w.org\/{rel}","templated":true}]}}