{"id":50427,"date":"2025-11-23T12:32:53","date_gmt":"2025-11-23T15:32:53","guid":{"rendered":"https:\/\/masquenoticiastucuman.com.ar\/?p=50427"},"modified":"2025-11-23T12:32:54","modified_gmt":"2025-11-23T15:32:54","slug":"trasladaron-al-penal-de-villa-urquiza-al-acusado-del-crimen-de-la-menor-de-san-cayetano","status":"publish","type":"post","link":"https:\/\/masquenoticiastucuman.com.ar\/?p=50427","title":{"rendered":"Trasladaron al penal de Villa Urquiza al acusado del crimen de la menor de San Cayetano"},"content":{"rendered":"\n<p>Efectivos de la Divisi\u00f3n Homicidios llevaron adelante intervenciones clave desde el jueves a la tarde, cuando la ni\u00f1a de 7 a\u00f1os result\u00f3 herida de un disparo en la cabeza y falleci\u00f3 al d\u00eda siguiente.<\/p>\n\n\n\n<p id=\"isPasted\">La segunda jefa de la dependencia, comisario<strong>&nbsp;Susana Montero<\/strong>, explic\u00f3: \u201cEn la madrugada de la fecha la Divisi\u00f3n Homicidios procedi\u00f3 a la detenci\u00f3n de dos de los implicados en el homicidio de la menor Zoe\u201d.<\/p>\n\n\n\n<p>\u201cEl citado<strong>&nbsp;Alejandro Ju\u00e1rez&nbsp;<\/strong>alias El Chueco, autor material del homicidio, fue puesto a disposici\u00f3n de la Justicia y se desarroll\u00f3 la audiencia de formulaci\u00f3n de cargos\u201d, afirm\u00f3 Monteros.<\/p>\n\n\n\n<p>En ese marco, detall\u00f3 que la magistrada interviniente dispuso medidas restrictivas: \u201cLa doctora<strong>&nbsp;Ana Mar\u00eda Iacono&nbsp;<\/strong>dispuso cuatro meses de prisi\u00f3n preventiva para este sujeto y el inmediato traslado al penal de Villa Urquiza Unidad N\u00b0 5\u201d.<\/p>\n\n\n\n<p>\u201cDurante la tarde del s\u00e1bado, el personal de la Divisi\u00f3n Homicidios proceder\u00e1 al traslado del citado Alejandro Ju\u00e1rez alias El Chueco, autor material del hecho, con destino al penal de Villa Urquiza\u201d, complet\u00f3 la autoridad policial.<\/p>\n","protected":false},"excerpt":{"rendered":"<p>Efectivos de la Divisi\u00f3n Homicidios llevaron adelante intervenciones clave desde el jueves a la tarde,&#8230;<\/p>\n","protected":false},"author":2,"featured_media":50428,"comment_status":"open","ping_status":"open","sticky":false,"template":"","format":"standard","meta":{"footnotes":""},"categories":[2],"tags":[],"class_list":["post-50427","post","type-post","status-publish","format-standard","has-post-thumbnail","hentry","category-locales"],"_links":{"self":[{"href":"https:\/\/masquenoticiastucuman.com.ar\/index.php?rest_route=\/wp\/v2\/posts\/50427","targetHints":{"allow":["GET"]}}],"collection":[{"href":"https:\/\/masquenoticiastucuman.com.ar\/index.php?rest_route=\/wp\/v2\/posts"}],"about":[{"href":"https:\/\/masquenoticiastucuman.com.ar\/index.php?rest_route=\/wp\/v2\/types\/post"}],"author":[{"embeddable":true,"href":"https:\/\/masquenoticiastucuman.com.ar\/index.php?rest_route=\/wp\/v2\/users\/2"}],"replies":[{"embeddable":true,"href":"https:\/\/masquenoticiastucuman.com.ar\/index.php?rest_route=%2Fwp%2Fv2%2Fcomments&post=50427"}],"version-history":[{"count":1,"href":"https:\/\/masquenoticiastucuman.com.ar\/index.php?rest_route=\/wp\/v2\/posts\/50427\/revisions"}],"predecessor-version":[{"id":50429,"href":"https:\/\/masquenoticiastucuman.com.ar\/index.php?rest_route=\/wp\/v2\/posts\/50427\/revisions\/50429"}],"wp:featuredmedia":[{"embeddable":true,"href":"https:\/\/masquenoticiastucuman.com.ar\/index.php?rest_route=\/wp\/v2\/media\/50428"}],"wp:attachment":[{"href":"https:\/\/masquenoticiastucuman.com.ar\/index.php?rest_route=%2Fwp%2Fv2%2Fmedia&parent=50427"}],"wp:term":[{"taxonomy":"category","embeddable":true,"href":"https:\/\/masquenoticiastucuman.com.ar\/index.php?rest_route=%2Fwp%2Fv2%2Fcategories&post=50427"},{"taxonomy":"post_tag","embeddable":true,"href":"https:\/\/masquenoticiastucuman.com.ar\/index.php?rest_route=%2Fwp%2Fv2%2Ftags&post=50427"}],"curies":[{"name":"wp","href":"https:\/\/api.w.org\/{rel}","templated":true}]}}