{"id":50430,"date":"2025-11-23T12:36:38","date_gmt":"2025-11-23T15:36:38","guid":{"rendered":"https:\/\/masquenoticiastucuman.com.ar\/?p=50430"},"modified":"2025-11-23T12:36:39","modified_gmt":"2025-11-23T15:36:39","slug":"coros-y-orquestas-educativas-celebraron-el-dia-de-la-musica-en-plaza-independencia","status":"publish","type":"post","link":"https:\/\/masquenoticiastucuman.com.ar\/?p=50430","title":{"rendered":"Coros y orquestas educativas celebraron el D\u00eda de la M\u00fasica en Plaza Independencia"},"content":{"rendered":"\n<p>Con la participaci\u00f3n de m\u00e1s de 1100 ni\u00f1os y j\u00f3venes, el evento cont\u00f3 con la presencia de la ministra de Educaci\u00f3n, Susana Montaldo, y el coordinador del programa, Marcelo Ruiz, quienes destacaron la importancia de la m\u00fasica como herramienta educativa y de expresi\u00f3n.<\/p>\n\n\n\n<p id=\"isPasted\">En la Plaza Independencia de San Miguel de Tucum\u00e1n y en el marco del D\u00eda Internacional de la M\u00fasica que se celebra cada 22 de noviembre, se llev\u00f3 a cabo un concierto del Programa Provincial de Coros y Orquestas dependientes del Ministerio de Educaci\u00f3n.<\/p>\n\n\n\n<p>Estuvieron presentes en el evento, la ministra de Educaci\u00f3n,<strong>&nbsp;Susana Montaldo;&nbsp;<\/strong>y el coordinador del Programa de Coros y Orquestas,&nbsp;<strong>Marcelo Ruiz.<\/strong><\/p>\n\n\n\n<p>El Programa Coros y Orquestas de Tucum\u00e1n, funciona en la provincia desde el a\u00f1o 2008 y re\u00fane a ni\u00f1os y j\u00f3venes de 8 a 25 a\u00f1os, escolarizados o no, con o sin conocimientos musicales. El mismo busca fortalecer las trayectorias escolares y tender puentes hacia la revinculaci\u00f3n de las ni\u00f1as, los ni\u00f1os, adolescentes y j\u00f3venes con la escuela.<\/p>\n\n\n\n<p>Actualmente, en la jurisdicci\u00f3n funcionan 10 orquestas y 10 coros, reuniendo a m\u00e1s de 1100 alumnos y alumnas. Las orquestas que participaron de la puesta en escena fueron la Orquesta Bernab\u00e9 Ar\u00e1oz, la Orquesta de Yerba Buena y la Orquesta General Belgrano.<\/p>\n\n\n\n<p>Tras la puesta en escena en el paseo p\u00fablico capitalino, la ministra Montaldo, destac\u00f3: \u201cRealmente sentimos un gran agradecimiento, reconocimiento a los docentes y a los chicos que tanto algunos d\u00edas a la tarde y los fines de semana practican un instrumento y forman as\u00ed parte de las orquestas que tiene el Ministerio de Educaci\u00f3n. Nos parece que la m\u00fasica y el arte en general es una herramienta privilegiada para la educaci\u00f3n, para que los chicos se puedan expresar, desarrollar su creatividad, saber ejecutar un instrumento, expresar sus emociones. As\u00ed que muy contentos de ver c\u00f3mo esto est\u00e1 dando resultado. Aqu\u00ed est\u00e1n las familias acompa\u00f1ando a los chicos y todos disfrutando este concierto fruto del trabajo que durante la semana y los fines de semana hacen m\u00e1s de 10 escuelas de la provincia para tener sus coros y orquestas\u201d.<\/p>\n\n\n\n<p>Por su parte, Ru\u00edz, valor\u00f3: \u201cEstamos en forma anticipada celebrando el D\u00eda de la M\u00fasica, que es el d\u00eda de nosotros, es el d\u00eda de los m\u00fasicos, es el d\u00eda de Santa Cecilia. La verdad que muy muy orgulloso de la presencia de todos los chicos a pesar de la temperatura que tenemos y como siempre dando un paso m\u00e1s para la cultura. Nosotros formamos artistas y como buenos artistas les gusta que los aplaudan, les gusta mostrarse, les gusta estar en un escenario. Para eso trabajamos, no para cuatro paredes, sino que trabajamos para que podamos llegar al p\u00fablico, para que podamos estar en un espacio tan lindo como la Plaza Independencia y para que podamos mostrarnos y ver que todos vean qu\u00e9 hace el programa de Coros y Orquestas del Ministerio de Educaci\u00f3n\u201d.<\/p>\n\n\n\n<p>Lourdes Fern\u00e1ndez, integrante de la Orquesta General Belgrano, coment\u00f3: \u201cToco corno franc\u00e9s en la orquesta y la verdad que me parece muy lindo la idea de juntar a las orquestas, la convivencia que podemos tener entre todos, por ejemplo mi orquesta no tiene saxos entonces me cruzo con los chicos de saxos de otras orquestas y hay re buena entre todos, as\u00ed que somos mucha variedad de instrumentos. Para m\u00ed la m\u00fasica significa todo, es algo muy m\u00e1gico y siento que a todos nos llena el alma, de buena energ\u00eda, con mi orquesta nos encontramos todos los s\u00e1bados a la ma\u00f1ana, y me sirve para activar mi ma\u00f1ana haciendo m\u00fasica\u201d.<\/p>\n\n\n\n<p><strong>Milagros Lobo,<\/strong>&nbsp;de la Orquesta Bernab\u00e9 Ar\u00e1oz, cont\u00f3 sus sensaciones: \u201cMuy emocionante. Me siento tan nerviosa. Tiemblo. Por la experiencia me gusta mucho estar ac\u00e1 y compartir este momento porque me siento libre, tocando y me expreso con el instrumento con la canci\u00f3n\u201d.<\/p>\n\n\n\n<p>Finalmente, Victorino, miembro de la Orquesta Yerba Buena, cerr\u00f3: \u201cToco en guitarra, me gusta tocar. Yo quer\u00eda venir porque mi hermana me ha animado a venir y como yo quer\u00eda tocar chacareras estoy aqu\u00ed\u201d.<\/p>\n","protected":false},"excerpt":{"rendered":"<p>Con la participaci\u00f3n de m\u00e1s de 1100 ni\u00f1os y j\u00f3venes, el evento cont\u00f3 con la&#8230;<\/p>\n","protected":false},"author":2,"featured_media":50431,"comment_status":"open","ping_status":"open","sticky":false,"template":"","format":"standard","meta":{"footnotes":""},"categories":[5,2],"tags":[],"class_list":["post-50430","post","type-post","status-publish","format-standard","has-post-thumbnail","hentry","category-espectaculo","category-locales"],"_links":{"self":[{"href":"https:\/\/masquenoticiastucuman.com.ar\/index.php?rest_route=\/wp\/v2\/posts\/50430","targetHints":{"allow":["GET"]}}],"collection":[{"href":"https:\/\/masquenoticiastucuman.com.ar\/index.php?rest_route=\/wp\/v2\/posts"}],"about":[{"href":"https:\/\/masquenoticiastucuman.com.ar\/index.php?rest_route=\/wp\/v2\/types\/post"}],"author":[{"embeddable":true,"href":"https:\/\/masquenoticiastucuman.com.ar\/index.php?rest_route=\/wp\/v2\/users\/2"}],"replies":[{"embeddable":true,"href":"https:\/\/masquenoticiastucuman.com.ar\/index.php?rest_route=%2Fwp%2Fv2%2Fcomments&post=50430"}],"version-history":[{"count":1,"href":"https:\/\/masquenoticiastucuman.com.ar\/index.php?rest_route=\/wp\/v2\/posts\/50430\/revisions"}],"predecessor-version":[{"id":50432,"href":"https:\/\/masquenoticiastucuman.com.ar\/index.php?rest_route=\/wp\/v2\/posts\/50430\/revisions\/50432"}],"wp:featuredmedia":[{"embeddable":true,"href":"https:\/\/masquenoticiastucuman.com.ar\/index.php?rest_route=\/wp\/v2\/media\/50431"}],"wp:attachment":[{"href":"https:\/\/masquenoticiastucuman.com.ar\/index.php?rest_route=%2Fwp%2Fv2%2Fmedia&parent=50430"}],"wp:term":[{"taxonomy":"category","embeddable":true,"href":"https:\/\/masquenoticiastucuman.com.ar\/index.php?rest_route=%2Fwp%2Fv2%2Fcategories&post=50430"},{"taxonomy":"post_tag","embeddable":true,"href":"https:\/\/masquenoticiastucuman.com.ar\/index.php?rest_route=%2Fwp%2Fv2%2Ftags&post=50430"}],"curies":[{"name":"wp","href":"https:\/\/api.w.org\/{rel}","templated":true}]}}