{"id":50438,"date":"2025-11-23T13:27:12","date_gmt":"2025-11-23T16:27:12","guid":{"rendered":"http:\/\/masquenoticiastucuman.com.ar\/?p=50438"},"modified":"2025-11-23T13:27:12","modified_gmt":"2025-11-23T16:27:12","slug":"boca-vs-talleres-de-cordoba-por-los-octavos-de-final-del-torneo-clausura-a-que-hora-es-probables-formaciones-y-como-ver-en-vivo","status":"publish","type":"post","link":"https:\/\/masquenoticiastucuman.com.ar\/?p=50438","title":{"rendered":"Boca vs Talleres de C\u00f3rdoba, por los octavos de final del Torneo Clausura: a qu\u00e9 hora es, probables formaciones y c\u00f3mo ver EN VIVO"},"content":{"rendered":"<ul>\n<li>El &#8216;Xeneize&#8217;, que gan\u00f3 su zona en la fase regular, recibe al equipo dirigido por Carlos Tevez.<\/li>\n<li>El Apache volver\u00e1 una vez m\u00e1s a la Bombonera como DT, despu\u00e9s de su pelea con Juan Rom\u00e1n Riquelme.<\/li>\n<\/ul>\n<p>\u200bEl &#8216;Xeneize&#8217;, que gan\u00f3 su zona en la fase regular, recibe al equipo dirigido por Carlos Tevez.El Apache volver\u00e1 una vez m\u00e1s a la Bombonera como DT, despu\u00e9s de su pelea con Juan Rom\u00e1n Riquelme.\u00a0<a href=\"https:\/\/www.clarin.com\/deportes\/boca-vs-talleres-cordoba-octavos-final-torneo-clausura-hora-probables-formaciones-ver-vivo_0_7j52ococHd.html\" target=\"_blank\" class=\"feedzy-rss-link-icon\">Read More<\/a><\/p>","protected":false},"excerpt":{"rendered":"<p>El &#8216;Xeneize&#8217;, que gan\u00f3 su zona en la fase regular, recibe al equipo dirigido por&#8230;<\/p>\n","protected":false},"author":1,"featured_media":0,"comment_status":"open","ping_status":"open","sticky":false,"template":"","format":"standard","meta":{"footnotes":""},"categories":[6],"tags":[],"class_list":["post-50438","post","type-post","status-publish","format-standard","has-post-thumbnail","hentry","category-deportes"],"_links":{"self":[{"href":"https:\/\/masquenoticiastucuman.com.ar\/index.php?rest_route=\/wp\/v2\/posts\/50438","targetHints":{"allow":["GET"]}}],"collection":[{"href":"https:\/\/masquenoticiastucuman.com.ar\/index.php?rest_route=\/wp\/v2\/posts"}],"about":[{"href":"https:\/\/masquenoticiastucuman.com.ar\/index.php?rest_route=\/wp\/v2\/types\/post"}],"author":[{"embeddable":true,"href":"https:\/\/masquenoticiastucuman.com.ar\/index.php?rest_route=\/wp\/v2\/users\/1"}],"replies":[{"embeddable":true,"href":"https:\/\/masquenoticiastucuman.com.ar\/index.php?rest_route=%2Fwp%2Fv2%2Fcomments&post=50438"}],"version-history":[{"count":0,"href":"https:\/\/masquenoticiastucuman.com.ar\/index.php?rest_route=\/wp\/v2\/posts\/50438\/revisions"}],"wp:attachment":[{"href":"https:\/\/masquenoticiastucuman.com.ar\/index.php?rest_route=%2Fwp%2Fv2%2Fmedia&parent=50438"}],"wp:term":[{"taxonomy":"category","embeddable":true,"href":"https:\/\/masquenoticiastucuman.com.ar\/index.php?rest_route=%2Fwp%2Fv2%2Fcategories&post=50438"},{"taxonomy":"post_tag","embeddable":true,"href":"https:\/\/masquenoticiastucuman.com.ar\/index.php?rest_route=%2Fwp%2Fv2%2Ftags&post=50438"}],"curies":[{"name":"wp","href":"https:\/\/api.w.org\/{rel}","templated":true}]}}