{"id":50439,"date":"2025-11-23T14:56:29","date_gmt":"2025-11-23T17:56:29","guid":{"rendered":"http:\/\/masquenoticiastucuman.com.ar\/?p=50439"},"modified":"2025-11-23T14:56:29","modified_gmt":"2025-11-23T17:56:29","slug":"jair-bolsonaro-dijo-que-intento-quemar-su-tobillera-electronica-en-un-brote-de-paranoia-por-ingesta-de-medicamentos","status":"publish","type":"post","link":"https:\/\/masquenoticiastucuman.com.ar\/?p=50439","title":{"rendered":"Jair Bolsonaro dijo que intent\u00f3 quemar su tobillera electr\u00f3nica en un brote de &#8220;paranoia&#8221; por ingesta de medicamentos"},"content":{"rendered":"<ul>\n<li>El exmandatario particip\u00f3 de una audiencia de control judicial un d\u00eda despu\u00e9s de ser detenido preventivamente por riesgo de fuga.<\/li>\n<\/ul>\n<p>\u200bEl exmandatario particip\u00f3 de una audiencia de control judicial un d\u00eda despu\u00e9s de ser detenido preventivamente por riesgo de fuga.\u00a0<a href=\"https:\/\/www.clarin.com\/mundo\/jair-bolsonaro-dijo-intento-quemar-tobillera-electronica-brote-paranoia-ingesta-medicamentos_0_ZbOow7OSXS.html\" target=\"_blank\" class=\"feedzy-rss-link-icon\">Read More<\/a><\/p>","protected":false},"excerpt":{"rendered":"<p>El exmandatario particip\u00f3 de una audiencia de control judicial un d\u00eda despu\u00e9s de ser detenido&#8230;<\/p>\n","protected":false},"author":1,"featured_media":50440,"comment_status":"open","ping_status":"open","sticky":false,"template":"","format":"standard","meta":{"footnotes":""},"categories":[4],"tags":[],"class_list":["post-50439","post","type-post","status-publish","format-standard","has-post-thumbnail","hentry","category-internacionales"],"_links":{"self":[{"href":"https:\/\/masquenoticiastucuman.com.ar\/index.php?rest_route=\/wp\/v2\/posts\/50439","targetHints":{"allow":["GET"]}}],"collection":[{"href":"https:\/\/masquenoticiastucuman.com.ar\/index.php?rest_route=\/wp\/v2\/posts"}],"about":[{"href":"https:\/\/masquenoticiastucuman.com.ar\/index.php?rest_route=\/wp\/v2\/types\/post"}],"author":[{"embeddable":true,"href":"https:\/\/masquenoticiastucuman.com.ar\/index.php?rest_route=\/wp\/v2\/users\/1"}],"replies":[{"embeddable":true,"href":"https:\/\/masquenoticiastucuman.com.ar\/index.php?rest_route=%2Fwp%2Fv2%2Fcomments&post=50439"}],"version-history":[{"count":0,"href":"https:\/\/masquenoticiastucuman.com.ar\/index.php?rest_route=\/wp\/v2\/posts\/50439\/revisions"}],"wp:featuredmedia":[{"embeddable":true,"href":"https:\/\/masquenoticiastucuman.com.ar\/index.php?rest_route=\/wp\/v2\/media\/50440"}],"wp:attachment":[{"href":"https:\/\/masquenoticiastucuman.com.ar\/index.php?rest_route=%2Fwp%2Fv2%2Fmedia&parent=50439"}],"wp:term":[{"taxonomy":"category","embeddable":true,"href":"https:\/\/masquenoticiastucuman.com.ar\/index.php?rest_route=%2Fwp%2Fv2%2Fcategories&post=50439"},{"taxonomy":"post_tag","embeddable":true,"href":"https:\/\/masquenoticiastucuman.com.ar\/index.php?rest_route=%2Fwp%2Fv2%2Ftags&post=50439"}],"curies":[{"name":"wp","href":"https:\/\/api.w.org\/{rel}","templated":true}]}}