{"id":50441,"date":"2025-11-23T14:16:10","date_gmt":"2025-11-23T17:16:10","guid":{"rendered":"http:\/\/masquenoticiastucuman.com.ar\/?p=50441"},"modified":"2025-11-23T14:16:10","modified_gmt":"2025-11-23T17:16:10","slug":"secuestran-a-mas-de-300-estudiantes-y-maestros-en-una-escuela-catolica-de-nigeria-unos-50-lograron-escapar","status":"publish","type":"post","link":"https:\/\/masquenoticiastucuman.com.ar\/?p=50441","title":{"rendered":"Secuestran a m\u00e1s de 300 estudiantes y maestros en una escuela cat\u00f3lica de Nigeria: unos 50 lograron escapar"},"content":{"rendered":"<ul>\n<li>Hombres armados se llevaron a los alumnos, de entre 10 y 18 a\u00f1os, de un colegio ubicado en una apartada regi\u00f3n del norte del pa\u00eds.<\/li>\n<li>El Gobierno orden\u00f3 el cierre de al menos 41 escuelas secundarias en todo el pa\u00eds.<\/li>\n<\/ul>\n<p>\u200bHombres armados se llevaron a los alumnos, de entre 10 y 18 a\u00f1os, de un colegio ubicado en una apartada regi\u00f3n del norte del pa\u00eds.El Gobierno orden\u00f3 el cierre de al menos 41 escuelas secundarias en todo el pa\u00eds.\u00a0<a href=\"https:\/\/www.clarin.com\/mundo\/secuestran-300-estudiantes-maestros-escuela-catolica-nigeria-50-lograron-escapar_0_Adks7m2wNf.html\" target=\"_blank\" class=\"feedzy-rss-link-icon\">Read More<\/a><\/p>","protected":false},"excerpt":{"rendered":"<p>Hombres armados se llevaron a los alumnos, de entre 10 y 18 a\u00f1os, de un&#8230;<\/p>\n","protected":false},"author":1,"featured_media":50442,"comment_status":"open","ping_status":"open","sticky":false,"template":"","format":"standard","meta":{"footnotes":""},"categories":[4],"tags":[],"class_list":["post-50441","post","type-post","status-publish","format-standard","has-post-thumbnail","hentry","category-internacionales"],"_links":{"self":[{"href":"https:\/\/masquenoticiastucuman.com.ar\/index.php?rest_route=\/wp\/v2\/posts\/50441","targetHints":{"allow":["GET"]}}],"collection":[{"href":"https:\/\/masquenoticiastucuman.com.ar\/index.php?rest_route=\/wp\/v2\/posts"}],"about":[{"href":"https:\/\/masquenoticiastucuman.com.ar\/index.php?rest_route=\/wp\/v2\/types\/post"}],"author":[{"embeddable":true,"href":"https:\/\/masquenoticiastucuman.com.ar\/index.php?rest_route=\/wp\/v2\/users\/1"}],"replies":[{"embeddable":true,"href":"https:\/\/masquenoticiastucuman.com.ar\/index.php?rest_route=%2Fwp%2Fv2%2Fcomments&post=50441"}],"version-history":[{"count":0,"href":"https:\/\/masquenoticiastucuman.com.ar\/index.php?rest_route=\/wp\/v2\/posts\/50441\/revisions"}],"wp:featuredmedia":[{"embeddable":true,"href":"https:\/\/masquenoticiastucuman.com.ar\/index.php?rest_route=\/wp\/v2\/media\/50442"}],"wp:attachment":[{"href":"https:\/\/masquenoticiastucuman.com.ar\/index.php?rest_route=%2Fwp%2Fv2%2Fmedia&parent=50441"}],"wp:term":[{"taxonomy":"category","embeddable":true,"href":"https:\/\/masquenoticiastucuman.com.ar\/index.php?rest_route=%2Fwp%2Fv2%2Fcategories&post=50441"},{"taxonomy":"post_tag","embeddable":true,"href":"https:\/\/masquenoticiastucuman.com.ar\/index.php?rest_route=%2Fwp%2Fv2%2Ftags&post=50441"}],"curies":[{"name":"wp","href":"https:\/\/api.w.org\/{rel}","templated":true}]}}