{"id":50444,"date":"2025-11-23T15:06:50","date_gmt":"2025-11-23T18:06:50","guid":{"rendered":"http:\/\/masquenoticiastucuman.com.ar\/?p=50444"},"modified":"2025-11-23T15:06:50","modified_gmt":"2025-11-23T18:06:50","slug":"alejandro-lerner-fue-declarado-personalidad-emerita-de-la-cultura-de-la-nacion-en-una-noche-llena-de-emocion-y-musica","status":"publish","type":"post","link":"https:\/\/masquenoticiastucuman.com.ar\/?p=50444","title":{"rendered":"Alejandro Lerner fue declarado Personalidad Em\u00e9rita de la Cultura de la Naci\u00f3n en una noche llena de emoci\u00f3n y m\u00fasica"},"content":{"rendered":"<ul>\n<li>El cantante y compositor fue distinguido este s\u00e1bado con el m\u00e1ximo galard\u00f3n oficial que otorga el pa\u00eds a un artista local.<\/li>\n<li>Lo recibi\u00f3 de manos de Leonardo Cifelli, Secretario de Cultura de La Naci\u00f3n.<\/li>\n<\/ul>\n<p>\u200bEl cantante y compositor fue distinguido este s\u00e1bado con el m\u00e1ximo galard\u00f3n oficial que otorga el pa\u00eds a un artista local.Lo recibi\u00f3 de manos de Leonardo Cifelli, Secretario de Cultura de La Naci\u00f3n.\u00a0<a href=\"https:\/\/www.clarin.com\/espectaculos\/alejandro-lerner-declarado-personalidad-emerita-cultura-nacion-noche-llena-emocion-musica_0_CEw3hIyjUi.html\" target=\"_blank\" class=\"feedzy-rss-link-icon\">Read More<\/a><\/p>","protected":false},"excerpt":{"rendered":"<p>El cantante y compositor fue distinguido este s\u00e1bado con el m\u00e1ximo galard\u00f3n oficial que otorga&#8230;<\/p>\n","protected":false},"author":1,"featured_media":50445,"comment_status":"open","ping_status":"open","sticky":false,"template":"","format":"standard","meta":{"footnotes":""},"categories":[5],"tags":[],"class_list":["post-50444","post","type-post","status-publish","format-standard","has-post-thumbnail","hentry","category-espectaculo"],"_links":{"self":[{"href":"https:\/\/masquenoticiastucuman.com.ar\/index.php?rest_route=\/wp\/v2\/posts\/50444","targetHints":{"allow":["GET"]}}],"collection":[{"href":"https:\/\/masquenoticiastucuman.com.ar\/index.php?rest_route=\/wp\/v2\/posts"}],"about":[{"href":"https:\/\/masquenoticiastucuman.com.ar\/index.php?rest_route=\/wp\/v2\/types\/post"}],"author":[{"embeddable":true,"href":"https:\/\/masquenoticiastucuman.com.ar\/index.php?rest_route=\/wp\/v2\/users\/1"}],"replies":[{"embeddable":true,"href":"https:\/\/masquenoticiastucuman.com.ar\/index.php?rest_route=%2Fwp%2Fv2%2Fcomments&post=50444"}],"version-history":[{"count":0,"href":"https:\/\/masquenoticiastucuman.com.ar\/index.php?rest_route=\/wp\/v2\/posts\/50444\/revisions"}],"wp:featuredmedia":[{"embeddable":true,"href":"https:\/\/masquenoticiastucuman.com.ar\/index.php?rest_route=\/wp\/v2\/media\/50445"}],"wp:attachment":[{"href":"https:\/\/masquenoticiastucuman.com.ar\/index.php?rest_route=%2Fwp%2Fv2%2Fmedia&parent=50444"}],"wp:term":[{"taxonomy":"category","embeddable":true,"href":"https:\/\/masquenoticiastucuman.com.ar\/index.php?rest_route=%2Fwp%2Fv2%2Fcategories&post=50444"},{"taxonomy":"post_tag","embeddable":true,"href":"https:\/\/masquenoticiastucuman.com.ar\/index.php?rest_route=%2Fwp%2Fv2%2Ftags&post=50444"}],"curies":[{"name":"wp","href":"https:\/\/api.w.org\/{rel}","templated":true}]}}