{"id":50446,"date":"2025-11-23T15:30:24","date_gmt":"2025-11-23T18:30:24","guid":{"rendered":"http:\/\/masquenoticiastucuman.com.ar\/?p=50446"},"modified":"2025-11-23T15:30:24","modified_gmt":"2025-11-23T18:30:24","slug":"entrevista-a-un-habitante-de-gaza-hamas-representa-una-pequena-parte-del-pueblo-palestino","status":"publish","type":"post","link":"https:\/\/masquenoticiastucuman.com.ar\/?p=50446","title":{"rendered":"Entrevista a un habitante de Gaza: &#8220;Hamas representa una peque\u00f1a parte del pueblo palestino&#8221;"},"content":{"rendered":"<ul>\n<li>Moumen Al-Natour vive en Rafah. Desde all\u00ed habl\u00f3 con Clar\u00edn, que se encuentra en viaje a Israel, a menos de dos meses del cese de fuego que impuls\u00f3 Donald Trump.<\/li>\n<li>Plante\u00f3 enormes cr\u00edticas contra la organizaci\u00f3n terrorista por su crueldad y por el barb\u00e1rico ataque en territorio israel\u00ed del 7 de octubre de 2023. Pero tambi\u00e9n a Israel por su respuesta militar.<\/li>\n<\/ul>\n<p>\u200bMoumen Al-Natour vive en Rafah. Desde all\u00ed habl\u00f3 con Clar\u00edn, que se encuentra en viaje a Israel, a menos de dos meses del cese de fuego que impuls\u00f3 Donald Trump.Plante\u00f3 enormes cr\u00edticas contra la organizaci\u00f3n terrorista por su crueldad y por el barb\u00e1rico ataque en territorio israel\u00ed del 7 de octubre de 2023. Pero tambi\u00e9n a Israel por su respuesta militar.\u00a0<a href=\"https:\/\/www.clarin.com\/mundo\/entrevista-habitante-gaza-hamas-representa-pequena-parte-pueblo-palestino_0_mRvu1z8Oh3.html\" target=\"_blank\" class=\"feedzy-rss-link-icon\">Read More<\/a><\/p>","protected":false},"excerpt":{"rendered":"<p>Moumen Al-Natour vive en Rafah. Desde all\u00ed habl\u00f3 con Clar\u00edn, que se encuentra en viaje&#8230;<\/p>\n","protected":false},"author":1,"featured_media":50447,"comment_status":"open","ping_status":"open","sticky":false,"template":"","format":"standard","meta":{"footnotes":""},"categories":[4],"tags":[],"class_list":["post-50446","post","type-post","status-publish","format-standard","has-post-thumbnail","hentry","category-internacionales"],"_links":{"self":[{"href":"https:\/\/masquenoticiastucuman.com.ar\/index.php?rest_route=\/wp\/v2\/posts\/50446","targetHints":{"allow":["GET"]}}],"collection":[{"href":"https:\/\/masquenoticiastucuman.com.ar\/index.php?rest_route=\/wp\/v2\/posts"}],"about":[{"href":"https:\/\/masquenoticiastucuman.com.ar\/index.php?rest_route=\/wp\/v2\/types\/post"}],"author":[{"embeddable":true,"href":"https:\/\/masquenoticiastucuman.com.ar\/index.php?rest_route=\/wp\/v2\/users\/1"}],"replies":[{"embeddable":true,"href":"https:\/\/masquenoticiastucuman.com.ar\/index.php?rest_route=%2Fwp%2Fv2%2Fcomments&post=50446"}],"version-history":[{"count":0,"href":"https:\/\/masquenoticiastucuman.com.ar\/index.php?rest_route=\/wp\/v2\/posts\/50446\/revisions"}],"wp:featuredmedia":[{"embeddable":true,"href":"https:\/\/masquenoticiastucuman.com.ar\/index.php?rest_route=\/wp\/v2\/media\/50447"}],"wp:attachment":[{"href":"https:\/\/masquenoticiastucuman.com.ar\/index.php?rest_route=%2Fwp%2Fv2%2Fmedia&parent=50446"}],"wp:term":[{"taxonomy":"category","embeddable":true,"href":"https:\/\/masquenoticiastucuman.com.ar\/index.php?rest_route=%2Fwp%2Fv2%2Fcategories&post=50446"},{"taxonomy":"post_tag","embeddable":true,"href":"https:\/\/masquenoticiastucuman.com.ar\/index.php?rest_route=%2Fwp%2Fv2%2Ftags&post=50446"}],"curies":[{"name":"wp","href":"https:\/\/api.w.org\/{rel}","templated":true}]}}