{"id":50448,"date":"2025-11-23T15:45:14","date_gmt":"2025-11-23T18:45:14","guid":{"rendered":"http:\/\/masquenoticiastucuman.com.ar\/?p=50448"},"modified":"2025-11-23T15:45:14","modified_gmt":"2025-11-23T18:45:14","slug":"la-lesion-de-mallia-condiciono-el-cierre-de-los-pumas-vs-inglaterra-hielo-en-la-rodilla-y-bronca-de-contepomi-con-los-arbitros","status":"publish","type":"post","link":"https:\/\/masquenoticiastucuman.com.ar\/?p=50448","title":{"rendered":"La lesi\u00f3n de Mall\u00eda condicion\u00f3 el cierre de Los Pumas vs Inglaterra: hielo en la rodilla y bronca de Contepomi con los \u00e1rbitros"},"content":{"rendered":"<ul>\n<li>Un tackle a destiempo de Curry no tuvo sanci\u00f3n disciplinaria por parte del colegiado y sac\u00f3 de la cancha al cordob\u00e9s, cuyo diagn\u00f3stico preocupa.<\/li>\n<li>Mir\u00e1 el video.<\/li>\n<\/ul>\n<p>\u200bUn tackle a destiempo de Curry no tuvo sanci\u00f3n disciplinaria por parte del colegiado y sac\u00f3 de la cancha al cordob\u00e9s, cuyo diagn\u00f3stico preocupa.Mir\u00e1 el video.\u00a0<a href=\"https:\/\/www.clarin.com\/deportes\/lesion-mallia-condiciono-cierre-pumas-vs-inglaterra-hielo-rodilla-bronca-contepomi-arbitros_0_AS1PMNCYeK.html\" target=\"_blank\" class=\"feedzy-rss-link-icon\">Read More<\/a><\/p>","protected":false},"excerpt":{"rendered":"<p>Un tackle a destiempo de Curry no tuvo sanci\u00f3n disciplinaria por parte del colegiado y&#8230;<\/p>\n","protected":false},"author":1,"featured_media":0,"comment_status":"open","ping_status":"open","sticky":false,"template":"","format":"standard","meta":{"footnotes":""},"categories":[6],"tags":[],"class_list":["post-50448","post","type-post","status-publish","format-standard","has-post-thumbnail","hentry","category-deportes"],"_links":{"self":[{"href":"https:\/\/masquenoticiastucuman.com.ar\/index.php?rest_route=\/wp\/v2\/posts\/50448","targetHints":{"allow":["GET"]}}],"collection":[{"href":"https:\/\/masquenoticiastucuman.com.ar\/index.php?rest_route=\/wp\/v2\/posts"}],"about":[{"href":"https:\/\/masquenoticiastucuman.com.ar\/index.php?rest_route=\/wp\/v2\/types\/post"}],"author":[{"embeddable":true,"href":"https:\/\/masquenoticiastucuman.com.ar\/index.php?rest_route=\/wp\/v2\/users\/1"}],"replies":[{"embeddable":true,"href":"https:\/\/masquenoticiastucuman.com.ar\/index.php?rest_route=%2Fwp%2Fv2%2Fcomments&post=50448"}],"version-history":[{"count":0,"href":"https:\/\/masquenoticiastucuman.com.ar\/index.php?rest_route=\/wp\/v2\/posts\/50448\/revisions"}],"wp:attachment":[{"href":"https:\/\/masquenoticiastucuman.com.ar\/index.php?rest_route=%2Fwp%2Fv2%2Fmedia&parent=50448"}],"wp:term":[{"taxonomy":"category","embeddable":true,"href":"https:\/\/masquenoticiastucuman.com.ar\/index.php?rest_route=%2Fwp%2Fv2%2Fcategories&post=50448"},{"taxonomy":"post_tag","embeddable":true,"href":"https:\/\/masquenoticiastucuman.com.ar\/index.php?rest_route=%2Fwp%2Fv2%2Ftags&post=50448"}],"curies":[{"name":"wp","href":"https:\/\/api.w.org\/{rel}","templated":true}]}}