{"id":50449,"date":"2025-11-23T15:19:43","date_gmt":"2025-11-23T18:19:43","guid":{"rendered":"http:\/\/masquenoticiastucuman.com.ar\/?p=50449"},"modified":"2025-11-23T15:19:43","modified_gmt":"2025-11-23T18:19:43","slug":"goles-argentinos-en-la-serie-a-de-italia-soule-mantuvo-lider-a-la-roma-y-los-pellegrino-siguen-de-fiesta-con-el-doblete-de-mateo-en-parma","status":"publish","type":"post","link":"https:\/\/masquenoticiastucuman.com.ar\/?p=50449","title":{"rendered":"Goles argentinos en la Serie A de Italia: Soul\u00e9 mantuvo l\u00edder a la Roma y los Pellegrino siguen de fiesta con el doblete de Mateo en Parma"},"content":{"rendered":"<ul>\n<li>El juvenil de la Loba puso el primero del 3-1 sobre Cremonese, que lo mantiene en la cima.<\/li>\n<li>El delantero, hijo de Mauricio, le dio la victoria al Parma sobre Hellas Verona, despu\u00e9s del festejo de su pap\u00e1 con Lan\u00fas en la Sudamericana.<\/li>\n<\/ul>\n<p>\u200bEl juvenil de la Loba puso el primero del 3-1 sobre Cremonese, que lo mantiene en la cima.El delantero, hijo de Mauricio, le dio la victoria al Parma sobre Hellas Verona, despu\u00e9s del festejo de su pap\u00e1 con Lan\u00fas en la Sudamericana.\u00a0<a href=\"https:\/\/www.clarin.com\/deportes\/goles-argentinos-serie-italia-soule-mantuvo-lider-roma-pellegrino-siguen-fiesta-doblete-mateo-parma_0_DWO5hHjpFa.html\" target=\"_blank\" class=\"feedzy-rss-link-icon\">Read More<\/a><\/p>","protected":false},"excerpt":{"rendered":"<p>El juvenil de la Loba puso el primero del 3-1 sobre Cremonese, que lo mantiene&#8230;<\/p>\n","protected":false},"author":1,"featured_media":0,"comment_status":"open","ping_status":"open","sticky":false,"template":"","format":"standard","meta":{"footnotes":""},"categories":[6],"tags":[],"class_list":["post-50449","post","type-post","status-publish","format-standard","has-post-thumbnail","hentry","category-deportes"],"_links":{"self":[{"href":"https:\/\/masquenoticiastucuman.com.ar\/index.php?rest_route=\/wp\/v2\/posts\/50449","targetHints":{"allow":["GET"]}}],"collection":[{"href":"https:\/\/masquenoticiastucuman.com.ar\/index.php?rest_route=\/wp\/v2\/posts"}],"about":[{"href":"https:\/\/masquenoticiastucuman.com.ar\/index.php?rest_route=\/wp\/v2\/types\/post"}],"author":[{"embeddable":true,"href":"https:\/\/masquenoticiastucuman.com.ar\/index.php?rest_route=\/wp\/v2\/users\/1"}],"replies":[{"embeddable":true,"href":"https:\/\/masquenoticiastucuman.com.ar\/index.php?rest_route=%2Fwp%2Fv2%2Fcomments&post=50449"}],"version-history":[{"count":0,"href":"https:\/\/masquenoticiastucuman.com.ar\/index.php?rest_route=\/wp\/v2\/posts\/50449\/revisions"}],"wp:attachment":[{"href":"https:\/\/masquenoticiastucuman.com.ar\/index.php?rest_route=%2Fwp%2Fv2%2Fmedia&parent=50449"}],"wp:term":[{"taxonomy":"category","embeddable":true,"href":"https:\/\/masquenoticiastucuman.com.ar\/index.php?rest_route=%2Fwp%2Fv2%2Fcategories&post=50449"},{"taxonomy":"post_tag","embeddable":true,"href":"https:\/\/masquenoticiastucuman.com.ar\/index.php?rest_route=%2Fwp%2Fv2%2Ftags&post=50449"}],"curies":[{"name":"wp","href":"https:\/\/api.w.org\/{rel}","templated":true}]}}