{"id":50453,"date":"2025-11-23T16:50:09","date_gmt":"2025-11-23T19:50:09","guid":{"rendered":"http:\/\/masquenoticiastucuman.com.ar\/?p=50453"},"modified":"2025-11-23T16:50:09","modified_gmt":"2025-11-23T19:50:09","slug":"historico-sin-jannik-sinner-italia-es-campeon-de-la-copa-davis-por-tercer-ano-consecutivo","status":"publish","type":"post","link":"https:\/\/masquenoticiastucuman.com.ar\/?p=50453","title":{"rendered":"Hist\u00f3rico: sin Jannik Sinner, Italia es campe\u00f3n de la Copa Davis por tercer a\u00f1o consecutivo"},"content":{"rendered":"<ul>\n<li>El equipo italiano arras\u00f3 en las finales de la Davis sin su as de espadas y tampoco cont\u00f3 con su segunda raqueta.<\/li>\n<li>Gan\u00f3 todas las series de las finales en Bolonia en dos partidos y se coron\u00f3 este domingo ante Espa\u00f1a que tampoco tuvo a Alcaraz.<\/li>\n<\/ul>\n<p>\u200bEl equipo italiano arras\u00f3 en las finales de la Davis sin su as de espadas y tampoco cont\u00f3 con su segunda raqueta.Gan\u00f3 todas las series de las finales en Bolonia en dos partidos y se coron\u00f3 este domingo ante Espa\u00f1a que tampoco tuvo a Alcaraz.\u00a0<a href=\"https:\/\/www.clarin.com\/deportes\/historico-jannik-sinner-italia-campeon-copa-davis-tercer-ano-consecutivo_0_m3qYyZGp8j.html\" target=\"_blank\" class=\"feedzy-rss-link-icon\">Read More<\/a><\/p>","protected":false},"excerpt":{"rendered":"<p>El equipo italiano arras\u00f3 en las finales de la Davis sin su as de espadas&#8230;<\/p>\n","protected":false},"author":1,"featured_media":0,"comment_status":"open","ping_status":"open","sticky":false,"template":"","format":"standard","meta":{"footnotes":""},"categories":[6],"tags":[],"class_list":["post-50453","post","type-post","status-publish","format-standard","has-post-thumbnail","hentry","category-deportes"],"_links":{"self":[{"href":"https:\/\/masquenoticiastucuman.com.ar\/index.php?rest_route=\/wp\/v2\/posts\/50453","targetHints":{"allow":["GET"]}}],"collection":[{"href":"https:\/\/masquenoticiastucuman.com.ar\/index.php?rest_route=\/wp\/v2\/posts"}],"about":[{"href":"https:\/\/masquenoticiastucuman.com.ar\/index.php?rest_route=\/wp\/v2\/types\/post"}],"author":[{"embeddable":true,"href":"https:\/\/masquenoticiastucuman.com.ar\/index.php?rest_route=\/wp\/v2\/users\/1"}],"replies":[{"embeddable":true,"href":"https:\/\/masquenoticiastucuman.com.ar\/index.php?rest_route=%2Fwp%2Fv2%2Fcomments&post=50453"}],"version-history":[{"count":0,"href":"https:\/\/masquenoticiastucuman.com.ar\/index.php?rest_route=\/wp\/v2\/posts\/50453\/revisions"}],"wp:attachment":[{"href":"https:\/\/masquenoticiastucuman.com.ar\/index.php?rest_route=%2Fwp%2Fv2%2Fmedia&parent=50453"}],"wp:term":[{"taxonomy":"category","embeddable":true,"href":"https:\/\/masquenoticiastucuman.com.ar\/index.php?rest_route=%2Fwp%2Fv2%2Fcategories&post=50453"},{"taxonomy":"post_tag","embeddable":true,"href":"https:\/\/masquenoticiastucuman.com.ar\/index.php?rest_route=%2Fwp%2Fv2%2Ftags&post=50453"}],"curies":[{"name":"wp","href":"https:\/\/api.w.org\/{rel}","templated":true}]}}