{"id":50455,"date":"2025-11-23T16:54:27","date_gmt":"2025-11-23T19:54:27","guid":{"rendered":"http:\/\/masquenoticiastucuman.com.ar\/?p=50455"},"modified":"2025-11-23T16:54:27","modified_gmt":"2025-11-23T19:54:27","slug":"martin-fierro-latino-2025-a-que-hora-es-la-entrega-la-lista-de-nominados-y-donde-ver-la-ceremonia","status":"publish","type":"post","link":"https:\/\/masquenoticiastucuman.com.ar\/?p=50455","title":{"rendered":"Mart\u00edn Fierro Latino 2025: a qu\u00e9 hora es la entrega, la lista de nominados y d\u00f3nde ver la ceremonia"},"content":{"rendered":"<ul>\n<li>La gala, en la que se reconocer\u00e1 a lo mejor de la televisi\u00f3n, la radio y el streaming de Latinoam\u00e9rica, se celebrar\u00e1 este domingo 23 de noviembre en Miami.<\/li>\n<li>Todos los detalles de la premiaci\u00f3n en la que Argentina recibi\u00f3 40 nominaciones.<\/li>\n<\/ul>\n<p>\u200bLa gala, en la que se reconocer\u00e1 a lo mejor de la televisi\u00f3n, la radio y el streaming de Latinoam\u00e9rica, se celebrar\u00e1 este domingo 23 de noviembre en Miami.Todos los detalles de la premiaci\u00f3n en la que Argentina recibi\u00f3 40 nominaciones.\u00a0<a href=\"https:\/\/www.clarin.com\/espectaculos\/martin-fierro-latino-2025-hora-entrega-lista-nominados-ver-ceremonia_0_LDt961Upw4.html\" target=\"_blank\" class=\"feedzy-rss-link-icon\">Read More<\/a><\/p>","protected":false},"excerpt":{"rendered":"<p>La gala, en la que se reconocer\u00e1 a lo mejor de la televisi\u00f3n, la radio&#8230;<\/p>\n","protected":false},"author":1,"featured_media":50456,"comment_status":"open","ping_status":"open","sticky":false,"template":"","format":"standard","meta":{"footnotes":""},"categories":[5],"tags":[],"class_list":["post-50455","post","type-post","status-publish","format-standard","has-post-thumbnail","hentry","category-espectaculo"],"_links":{"self":[{"href":"https:\/\/masquenoticiastucuman.com.ar\/index.php?rest_route=\/wp\/v2\/posts\/50455","targetHints":{"allow":["GET"]}}],"collection":[{"href":"https:\/\/masquenoticiastucuman.com.ar\/index.php?rest_route=\/wp\/v2\/posts"}],"about":[{"href":"https:\/\/masquenoticiastucuman.com.ar\/index.php?rest_route=\/wp\/v2\/types\/post"}],"author":[{"embeddable":true,"href":"https:\/\/masquenoticiastucuman.com.ar\/index.php?rest_route=\/wp\/v2\/users\/1"}],"replies":[{"embeddable":true,"href":"https:\/\/masquenoticiastucuman.com.ar\/index.php?rest_route=%2Fwp%2Fv2%2Fcomments&post=50455"}],"version-history":[{"count":0,"href":"https:\/\/masquenoticiastucuman.com.ar\/index.php?rest_route=\/wp\/v2\/posts\/50455\/revisions"}],"wp:featuredmedia":[{"embeddable":true,"href":"https:\/\/masquenoticiastucuman.com.ar\/index.php?rest_route=\/wp\/v2\/media\/50456"}],"wp:attachment":[{"href":"https:\/\/masquenoticiastucuman.com.ar\/index.php?rest_route=%2Fwp%2Fv2%2Fmedia&parent=50455"}],"wp:term":[{"taxonomy":"category","embeddable":true,"href":"https:\/\/masquenoticiastucuman.com.ar\/index.php?rest_route=%2Fwp%2Fv2%2Fcategories&post=50455"},{"taxonomy":"post_tag","embeddable":true,"href":"https:\/\/masquenoticiastucuman.com.ar\/index.php?rest_route=%2Fwp%2Fv2%2Ftags&post=50455"}],"curies":[{"name":"wp","href":"https:\/\/api.w.org\/{rel}","templated":true}]}}