{"id":50457,"date":"2025-11-23T17:29:49","date_gmt":"2025-11-23T20:29:49","guid":{"rendered":"http:\/\/masquenoticiastucuman.com.ar\/?p=50457"},"modified":"2025-11-23T17:29:49","modified_gmt":"2025-11-23T20:29:49","slug":"rescatan-a-17-ninos-de-la-secta-ultraortodoxa-judia-lev-tahor-en-colombia","status":"publish","type":"post","link":"https:\/\/masquenoticiastucuman.com.ar\/?p=50457","title":{"rendered":"Rescatan a 17 ni\u00f1os de la secta ultraortodoxa jud\u00eda Lev Tahor en Colombia"},"content":{"rendered":"<ul>\n<li>Fue en el noroeste del pa\u00eds. Cinco de los ni\u00f1os rescatados son extranjeros.<\/li>\n<li>En enero hab\u00eda sido capturado el l\u00edder de la agrupaci\u00f3n, Emmanuel Cardona Castillo, en El Salvador.<\/li>\n<li>En Israel el grupo es considerado como los talibanes jud\u00edos.<\/li>\n<\/ul>\n<p>\u200bFue en el noroeste del pa\u00eds. Cinco de los ni\u00f1os rescatados son extranjeros.En enero hab\u00eda sido capturado el l\u00edder de la agrupaci\u00f3n, Emmanuel Cardona Castillo, en El Salvador.En Israel el grupo es considerado como los talibanes jud\u00edos.\u00a0<a href=\"https:\/\/www.clarin.com\/mundo\/rescatan-17-ninos-secta-ultraortodoxa-judia-lev-tahor-colombia_0_FEPqPjvivT.html\" target=\"_blank\" class=\"feedzy-rss-link-icon\">Read More<\/a><\/p>","protected":false},"excerpt":{"rendered":"<p>Fue en el noroeste del pa\u00eds. Cinco de los ni\u00f1os rescatados son extranjeros. En enero&#8230;<\/p>\n","protected":false},"author":1,"featured_media":50458,"comment_status":"open","ping_status":"open","sticky":false,"template":"","format":"standard","meta":{"footnotes":""},"categories":[4],"tags":[],"class_list":["post-50457","post","type-post","status-publish","format-standard","has-post-thumbnail","hentry","category-internacionales"],"_links":{"self":[{"href":"https:\/\/masquenoticiastucuman.com.ar\/index.php?rest_route=\/wp\/v2\/posts\/50457","targetHints":{"allow":["GET"]}}],"collection":[{"href":"https:\/\/masquenoticiastucuman.com.ar\/index.php?rest_route=\/wp\/v2\/posts"}],"about":[{"href":"https:\/\/masquenoticiastucuman.com.ar\/index.php?rest_route=\/wp\/v2\/types\/post"}],"author":[{"embeddable":true,"href":"https:\/\/masquenoticiastucuman.com.ar\/index.php?rest_route=\/wp\/v2\/users\/1"}],"replies":[{"embeddable":true,"href":"https:\/\/masquenoticiastucuman.com.ar\/index.php?rest_route=%2Fwp%2Fv2%2Fcomments&post=50457"}],"version-history":[{"count":0,"href":"https:\/\/masquenoticiastucuman.com.ar\/index.php?rest_route=\/wp\/v2\/posts\/50457\/revisions"}],"wp:featuredmedia":[{"embeddable":true,"href":"https:\/\/masquenoticiastucuman.com.ar\/index.php?rest_route=\/wp\/v2\/media\/50458"}],"wp:attachment":[{"href":"https:\/\/masquenoticiastucuman.com.ar\/index.php?rest_route=%2Fwp%2Fv2%2Fmedia&parent=50457"}],"wp:term":[{"taxonomy":"category","embeddable":true,"href":"https:\/\/masquenoticiastucuman.com.ar\/index.php?rest_route=%2Fwp%2Fv2%2Fcategories&post=50457"},{"taxonomy":"post_tag","embeddable":true,"href":"https:\/\/masquenoticiastucuman.com.ar\/index.php?rest_route=%2Fwp%2Fv2%2Ftags&post=50457"}],"curies":[{"name":"wp","href":"https:\/\/api.w.org\/{rel}","templated":true}]}}