{"id":50462,"date":"2025-11-23T18:28:51","date_gmt":"2025-11-23T21:28:51","guid":{"rendered":"http:\/\/masquenoticiastucuman.com.ar\/?p=50462"},"modified":"2025-11-23T18:28:51","modified_gmt":"2025-11-23T21:28:51","slug":"la-uar-hara-un-reclamo-formal-ante-world-rugby-por-la-agresion-fisica-de-tom-curry-a-felipe-contepomi-tras-el-partido-es-un-maton","status":"publish","type":"post","link":"https:\/\/masquenoticiastucuman.com.ar\/?p=50462","title":{"rendered":"La UAR har\u00e1 un reclamo formal ante World Rugby por la agresi\u00f3n f\u00edsica de Tom Curry a Felipe Contepomi tras el partido: &#8220;Es un mat\u00f3n&#8221;"},"content":{"rendered":"<ul>\n<li>Es el tercera l\u00ednea que golpe\u00f3 a Mall\u00eda a destiempo y lo sac\u00f3 de partido: en el t\u00fanel, le dio un empuj\u00f3n al entrenador argentino.<\/li>\n<li>La situaci\u00f3n no se vio en la transmisi\u00f3n oficial, pero habr\u00eda quedado registrada en las c\u00e1maras internas del estadio.<\/li>\n<\/ul>\n<p>\u200bEs el tercera l\u00ednea que golpe\u00f3 a Mall\u00eda a destiempo y lo sac\u00f3 de partido: en el t\u00fanel, le dio un empuj\u00f3n al entrenador argentino.La situaci\u00f3n no se vio en la transmisi\u00f3n oficial, pero habr\u00eda quedado registrada en las c\u00e1maras internas del estadio.\u00a0<a href=\"https:\/\/www.clarin.com\/deportes\/uar-hara-reclamo-formal-world-rugby-agresion-fisica-tom-curry-felipe-contepomi-partido-maton_0_0yC13787hp.html\" target=\"_blank\" class=\"feedzy-rss-link-icon\">Read More<\/a><\/p>","protected":false},"excerpt":{"rendered":"<p>Es el tercera l\u00ednea que golpe\u00f3 a Mall\u00eda a destiempo y lo sac\u00f3 de partido:&#8230;<\/p>\n","protected":false},"author":1,"featured_media":0,"comment_status":"open","ping_status":"open","sticky":false,"template":"","format":"standard","meta":{"footnotes":""},"categories":[6],"tags":[],"class_list":["post-50462","post","type-post","status-publish","format-standard","has-post-thumbnail","hentry","category-deportes"],"_links":{"self":[{"href":"https:\/\/masquenoticiastucuman.com.ar\/index.php?rest_route=\/wp\/v2\/posts\/50462","targetHints":{"allow":["GET"]}}],"collection":[{"href":"https:\/\/masquenoticiastucuman.com.ar\/index.php?rest_route=\/wp\/v2\/posts"}],"about":[{"href":"https:\/\/masquenoticiastucuman.com.ar\/index.php?rest_route=\/wp\/v2\/types\/post"}],"author":[{"embeddable":true,"href":"https:\/\/masquenoticiastucuman.com.ar\/index.php?rest_route=\/wp\/v2\/users\/1"}],"replies":[{"embeddable":true,"href":"https:\/\/masquenoticiastucuman.com.ar\/index.php?rest_route=%2Fwp%2Fv2%2Fcomments&post=50462"}],"version-history":[{"count":0,"href":"https:\/\/masquenoticiastucuman.com.ar\/index.php?rest_route=\/wp\/v2\/posts\/50462\/revisions"}],"wp:attachment":[{"href":"https:\/\/masquenoticiastucuman.com.ar\/index.php?rest_route=%2Fwp%2Fv2%2Fmedia&parent=50462"}],"wp:term":[{"taxonomy":"category","embeddable":true,"href":"https:\/\/masquenoticiastucuman.com.ar\/index.php?rest_route=%2Fwp%2Fv2%2Fcategories&post=50462"},{"taxonomy":"post_tag","embeddable":true,"href":"https:\/\/masquenoticiastucuman.com.ar\/index.php?rest_route=%2Fwp%2Fv2%2Ftags&post=50462"}],"curies":[{"name":"wp","href":"https:\/\/api.w.org\/{rel}","templated":true}]}}