{"id":50463,"date":"2025-11-23T10:37:00","date_gmt":"2025-11-23T13:37:00","guid":{"rendered":"http:\/\/masquenoticiastucuman.com.ar\/?p=50463"},"modified":"2025-11-23T10:37:00","modified_gmt":"2025-11-23T13:37:00","slug":"los-errores-al-comprar-un-celular-barato-en-argentina-y-como-evitarlos","status":"publish","type":"post","link":"https:\/\/masquenoticiastucuman.com.ar\/?p=50463","title":{"rendered":"Los errores al comprar un celular barato en Argentina y c\u00f3mo evitarlos"},"content":{"rendered":"<p>El comprador debe aceptar que, en la gama de entrada local, no obtendr\u00e1 un m\u00f3vil que &#8220;lo haga todo&#8221;. Hay modelos con una excelente relaci\u00f3n precio-calidad<\/p>\n<p>                                                                <!-- Begin comScore Tag --><\/p>\n<p>                                    <img decoding=\"async\" src=\"https:\/\/sb.scorecardresearch.com\/p?c1=2&amp;c2=16597048&amp;cv=3.6.0&amp;cj=1\" \/><\/p>\n<p>                                <!-- End comScore Tag --><\/p>\n<p>                            \u200bEl comprador debe aceptar que, en la gama de entrada local, no obtendr\u00e1 un m\u00f3vil que &#8220;lo haga todo&#8221;. Hay modelos con una excelente relaci\u00f3n precio-calidad\u00a0<a href=\"https:\/\/www.iprofesional.com\/tecnologia\/442043-como-elegir-mejor-celular-barato-argentina-noviembre-2025\" target=\"_blank\" class=\"feedzy-rss-link-icon\">Read More<\/a><\/p>","protected":false},"excerpt":{"rendered":"<p>El comprador debe aceptar que, en la gama de entrada local, no obtendr\u00e1 un m\u00f3vil&#8230;<\/p>\n","protected":false},"author":1,"featured_media":0,"comment_status":"open","ping_status":"open","sticky":false,"template":"","format":"standard","meta":{"footnotes":""},"categories":[8],"tags":[],"class_list":["post-50463","post","type-post","status-publish","format-standard","has-post-thumbnail","hentry","category-tecnologia"],"_links":{"self":[{"href":"https:\/\/masquenoticiastucuman.com.ar\/index.php?rest_route=\/wp\/v2\/posts\/50463","targetHints":{"allow":["GET"]}}],"collection":[{"href":"https:\/\/masquenoticiastucuman.com.ar\/index.php?rest_route=\/wp\/v2\/posts"}],"about":[{"href":"https:\/\/masquenoticiastucuman.com.ar\/index.php?rest_route=\/wp\/v2\/types\/post"}],"author":[{"embeddable":true,"href":"https:\/\/masquenoticiastucuman.com.ar\/index.php?rest_route=\/wp\/v2\/users\/1"}],"replies":[{"embeddable":true,"href":"https:\/\/masquenoticiastucuman.com.ar\/index.php?rest_route=%2Fwp%2Fv2%2Fcomments&post=50463"}],"version-history":[{"count":0,"href":"https:\/\/masquenoticiastucuman.com.ar\/index.php?rest_route=\/wp\/v2\/posts\/50463\/revisions"}],"wp:attachment":[{"href":"https:\/\/masquenoticiastucuman.com.ar\/index.php?rest_route=%2Fwp%2Fv2%2Fmedia&parent=50463"}],"wp:term":[{"taxonomy":"category","embeddable":true,"href":"https:\/\/masquenoticiastucuman.com.ar\/index.php?rest_route=%2Fwp%2Fv2%2Fcategories&post=50463"},{"taxonomy":"post_tag","embeddable":true,"href":"https:\/\/masquenoticiastucuman.com.ar\/index.php?rest_route=%2Fwp%2Fv2%2Ftags&post=50463"}],"curies":[{"name":"wp","href":"https:\/\/api.w.org\/{rel}","templated":true}]}}