{"id":50464,"date":"2025-11-23T19:46:26","date_gmt":"2025-11-23T22:46:26","guid":{"rendered":"http:\/\/masquenoticiastucuman.com.ar\/?p=50464"},"modified":"2025-11-23T19:46:26","modified_gmt":"2025-11-23T22:46:26","slug":"tension-entre-estados-unidos-y-venezuela-gustavo-petro-dice-que-no-apoya-a-nicolas-maduro-pero-tampoco-una-invasion-norteamericana","status":"publish","type":"post","link":"https:\/\/masquenoticiastucuman.com.ar\/?p=50464","title":{"rendered":"Tensi\u00f3n entre Estados Unidos y Venezuela: Gustavo Petro dice que no apoya a Nicol\u00e1s Maduro, pero tampoco una invasi\u00f3n norteamericana"},"content":{"rendered":"<ul>\n<li>El presidente de Colombia, quien tiene buena relaci\u00f3n con Maduro, insisti\u00f3 en que las posibles amenazas militares de Washington responden a los intereses econ\u00f3micos de ese pa\u00eds, en especial el petr\u00f3leo venezolano.<\/li>\n<li>&#8220;Esta es la verdadera raz\u00f3n de la guerra en Ucrania y de la posible invasi\u00f3n a Venezuela: el petr\u00f3leo&#8221;, agreg\u00f3.<\/li>\n<\/ul>\n<p>\u200bEl presidente de Colombia, quien tiene buena relaci\u00f3n con Maduro, insisti\u00f3 en que las posibles amenazas militares de Washington responden a los intereses econ\u00f3micos de ese pa\u00eds, en especial el petr\u00f3leo venezolano.&#8221;Esta es la verdadera raz\u00f3n de la guerra en Ucrania y de la posible invasi\u00f3n a Venezuela: el petr\u00f3leo&#8221;, agreg\u00f3.\u00a0<a href=\"https:\/\/www.clarin.com\/mundo\/tension-estados-unidos-venezuela-gustavo-petro-dice-apoya-nicolas-maduro-invasion-norteamericana_0_hBmLKSVPKY.html\" target=\"_blank\" class=\"feedzy-rss-link-icon\">Read More<\/a><\/p>","protected":false},"excerpt":{"rendered":"<p>El presidente de Colombia, quien tiene buena relaci\u00f3n con Maduro, insisti\u00f3 en que las posibles&#8230;<\/p>\n","protected":false},"author":1,"featured_media":50465,"comment_status":"open","ping_status":"open","sticky":false,"template":"","format":"standard","meta":{"footnotes":""},"categories":[4],"tags":[],"class_list":["post-50464","post","type-post","status-publish","format-standard","has-post-thumbnail","hentry","category-internacionales"],"_links":{"self":[{"href":"https:\/\/masquenoticiastucuman.com.ar\/index.php?rest_route=\/wp\/v2\/posts\/50464","targetHints":{"allow":["GET"]}}],"collection":[{"href":"https:\/\/masquenoticiastucuman.com.ar\/index.php?rest_route=\/wp\/v2\/posts"}],"about":[{"href":"https:\/\/masquenoticiastucuman.com.ar\/index.php?rest_route=\/wp\/v2\/types\/post"}],"author":[{"embeddable":true,"href":"https:\/\/masquenoticiastucuman.com.ar\/index.php?rest_route=\/wp\/v2\/users\/1"}],"replies":[{"embeddable":true,"href":"https:\/\/masquenoticiastucuman.com.ar\/index.php?rest_route=%2Fwp%2Fv2%2Fcomments&post=50464"}],"version-history":[{"count":0,"href":"https:\/\/masquenoticiastucuman.com.ar\/index.php?rest_route=\/wp\/v2\/posts\/50464\/revisions"}],"wp:featuredmedia":[{"embeddable":true,"href":"https:\/\/masquenoticiastucuman.com.ar\/index.php?rest_route=\/wp\/v2\/media\/50465"}],"wp:attachment":[{"href":"https:\/\/masquenoticiastucuman.com.ar\/index.php?rest_route=%2Fwp%2Fv2%2Fmedia&parent=50464"}],"wp:term":[{"taxonomy":"category","embeddable":true,"href":"https:\/\/masquenoticiastucuman.com.ar\/index.php?rest_route=%2Fwp%2Fv2%2Fcategories&post=50464"},{"taxonomy":"post_tag","embeddable":true,"href":"https:\/\/masquenoticiastucuman.com.ar\/index.php?rest_route=%2Fwp%2Fv2%2Ftags&post=50464"}],"curies":[{"name":"wp","href":"https:\/\/api.w.org\/{rel}","templated":true}]}}