{"id":50466,"date":"2025-11-23T19:00:25","date_gmt":"2025-11-23T22:00:25","guid":{"rendered":"http:\/\/masquenoticiastucuman.com.ar\/?p=50466"},"modified":"2025-11-23T19:00:25","modified_gmt":"2025-11-23T22:00:25","slug":"ecuador-el-presidente-noboa-llega-a-su-segundo-ano-en-el-poder-marcado-por-una-primera-gran-derrota-en-las-urnas-y-la-violencia-del-narcotrafico","status":"publish","type":"post","link":"https:\/\/masquenoticiastucuman.com.ar\/?p=50466","title":{"rendered":"Ecuador: el presidente Noboa llega a su segundo a\u00f1o en el poder marcado por una primera gran derrota en las urnas y la violencia del narcotr\u00e1fico"},"content":{"rendered":"<ul>\n<li>Lleg\u00f3 al poder en 2023 para completar el per\u00edodo de Guillermo Lasso (2021-2025) y este a\u00f1o logr\u00f3 la reelecci\u00f3n hasta 2029. <\/li>\n<li>Estas son las claves de sus dos primeros a\u00f1os en el poder.<\/li>\n<\/ul>\n<p>\u200bLleg\u00f3 al poder en 2023 para completar el per\u00edodo de Guillermo Lasso (2021-2025) y este a\u00f1o logr\u00f3 la reelecci\u00f3n hasta 2029. Estas son las claves de sus dos primeros a\u00f1os en el poder.\u00a0<a href=\"https:\/\/www.clarin.com\/mundo\/ecuador-presidente-noboa-llega-segundo-ano-poder-marcado-primera-gran-derrota-urnas-violencia-narcotrafico_0_fCt7YCdI4j.html\" target=\"_blank\" class=\"feedzy-rss-link-icon\">Read More<\/a><\/p>","protected":false},"excerpt":{"rendered":"<p>Lleg\u00f3 al poder en 2023 para completar el per\u00edodo de Guillermo Lasso (2021-2025) y este&#8230;<\/p>\n","protected":false},"author":1,"featured_media":50467,"comment_status":"open","ping_status":"open","sticky":false,"template":"","format":"standard","meta":{"footnotes":""},"categories":[4],"tags":[],"class_list":["post-50466","post","type-post","status-publish","format-standard","has-post-thumbnail","hentry","category-internacionales"],"_links":{"self":[{"href":"https:\/\/masquenoticiastucuman.com.ar\/index.php?rest_route=\/wp\/v2\/posts\/50466","targetHints":{"allow":["GET"]}}],"collection":[{"href":"https:\/\/masquenoticiastucuman.com.ar\/index.php?rest_route=\/wp\/v2\/posts"}],"about":[{"href":"https:\/\/masquenoticiastucuman.com.ar\/index.php?rest_route=\/wp\/v2\/types\/post"}],"author":[{"embeddable":true,"href":"https:\/\/masquenoticiastucuman.com.ar\/index.php?rest_route=\/wp\/v2\/users\/1"}],"replies":[{"embeddable":true,"href":"https:\/\/masquenoticiastucuman.com.ar\/index.php?rest_route=%2Fwp%2Fv2%2Fcomments&post=50466"}],"version-history":[{"count":0,"href":"https:\/\/masquenoticiastucuman.com.ar\/index.php?rest_route=\/wp\/v2\/posts\/50466\/revisions"}],"wp:featuredmedia":[{"embeddable":true,"href":"https:\/\/masquenoticiastucuman.com.ar\/index.php?rest_route=\/wp\/v2\/media\/50467"}],"wp:attachment":[{"href":"https:\/\/masquenoticiastucuman.com.ar\/index.php?rest_route=%2Fwp%2Fv2%2Fmedia&parent=50466"}],"wp:term":[{"taxonomy":"category","embeddable":true,"href":"https:\/\/masquenoticiastucuman.com.ar\/index.php?rest_route=%2Fwp%2Fv2%2Fcategories&post=50466"},{"taxonomy":"post_tag","embeddable":true,"href":"https:\/\/masquenoticiastucuman.com.ar\/index.php?rest_route=%2Fwp%2Fv2%2Ftags&post=50466"}],"curies":[{"name":"wp","href":"https:\/\/api.w.org\/{rel}","templated":true}]}}