{"id":50469,"date":"2025-11-23T21:23:33","date_gmt":"2025-11-24T00:23:33","guid":{"rendered":"http:\/\/masquenoticiastucuman.com.ar\/?p=50469"},"modified":"2025-11-23T21:23:33","modified_gmt":"2025-11-24T00:23:33","slug":"contrapunto-con-techint-un-funcionario-de-caputo-dijo-que-la-mejor-politica-industrial-es-la-que-no-existe","status":"publish","type":"post","link":"https:\/\/masquenoticiastucuman.com.ar\/?p=50469","title":{"rendered":"Contrapunto con Techint: un funcionario de Caputo dijo que &#8220;la mejor pol\u00edtica industrial es la que no existe&#8221;"},"content":{"rendered":"<ul>\n<li>Pablo Lavigne dijo que la intervenci\u00f3n del Estado es &#8220;costosa&#8221; y defendi\u00f3 la apertura de mercados.<\/li>\n<li>El CEO de Techint, Paolo Rocca, hab\u00eda alertado por una apertura indiscriminada y pedido una pol\u00edtica industrial.<\/li>\n<\/ul>\n<p>\u200bPablo Lavigne dijo que la intervenci\u00f3n del Estado es &#8220;costosa&#8221; y defendi\u00f3 la apertura de mercados.El CEO de Techint, Paolo Rocca, hab\u00eda alertado por una apertura indiscriminada y pedido una pol\u00edtica industrial.\u00a0<a href=\"https:\/\/www.clarin.com\/economia\/contrapunto-techint-funcionario-caputo-dijo-mejor-politica-industrial-existe_0_CtxrrzBDF0.html\" target=\"_blank\" class=\"feedzy-rss-link-icon\">Read More<\/a><\/p>","protected":false},"excerpt":{"rendered":"<p>Pablo Lavigne dijo que la intervenci\u00f3n del Estado es &#8220;costosa&#8221; y defendi\u00f3 la apertura de&#8230;<\/p>\n","protected":false},"author":1,"featured_media":0,"comment_status":"open","ping_status":"open","sticky":false,"template":"","format":"standard","meta":{"footnotes":""},"categories":[3],"tags":[],"class_list":["post-50469","post","type-post","status-publish","format-standard","has-post-thumbnail","hentry","category-nacionales"],"_links":{"self":[{"href":"https:\/\/masquenoticiastucuman.com.ar\/index.php?rest_route=\/wp\/v2\/posts\/50469","targetHints":{"allow":["GET"]}}],"collection":[{"href":"https:\/\/masquenoticiastucuman.com.ar\/index.php?rest_route=\/wp\/v2\/posts"}],"about":[{"href":"https:\/\/masquenoticiastucuman.com.ar\/index.php?rest_route=\/wp\/v2\/types\/post"}],"author":[{"embeddable":true,"href":"https:\/\/masquenoticiastucuman.com.ar\/index.php?rest_route=\/wp\/v2\/users\/1"}],"replies":[{"embeddable":true,"href":"https:\/\/masquenoticiastucuman.com.ar\/index.php?rest_route=%2Fwp%2Fv2%2Fcomments&post=50469"}],"version-history":[{"count":0,"href":"https:\/\/masquenoticiastucuman.com.ar\/index.php?rest_route=\/wp\/v2\/posts\/50469\/revisions"}],"wp:attachment":[{"href":"https:\/\/masquenoticiastucuman.com.ar\/index.php?rest_route=%2Fwp%2Fv2%2Fmedia&parent=50469"}],"wp:term":[{"taxonomy":"category","embeddable":true,"href":"https:\/\/masquenoticiastucuman.com.ar\/index.php?rest_route=%2Fwp%2Fv2%2Fcategories&post=50469"},{"taxonomy":"post_tag","embeddable":true,"href":"https:\/\/masquenoticiastucuman.com.ar\/index.php?rest_route=%2Fwp%2Fv2%2Ftags&post=50469"}],"curies":[{"name":"wp","href":"https:\/\/api.w.org\/{rel}","templated":true}]}}