{"id":50470,"date":"2025-11-23T20:06:47","date_gmt":"2025-11-23T23:06:47","guid":{"rendered":"http:\/\/masquenoticiastucuman.com.ar\/?p=50470"},"modified":"2025-11-23T20:06:47","modified_gmt":"2025-11-23T23:06:47","slug":"por-dudas-sobre-las-reservas-y-los-compromisos-con-la-deuda-la-baja-del-riesgo-pais-se-freno-en-los-ultimos-20-dias","status":"publish","type":"post","link":"https:\/\/masquenoticiastucuman.com.ar\/?p=50470","title":{"rendered":"Por dudas sobre las reservas y los compromisos con la deuda, la baja del riesgo pa\u00eds se fren\u00f3 en los \u00faltimos 20 d\u00edas"},"content":{"rendered":"<ul>\n<li>Los analistas creen que el Gobierno va a cubrir los pagos de enero.<\/li>\n<li>Pero hay incertidumbre sobre el resto de la deuda y el d\u00f3lar.<\/li>\n<li>La mirada de los fondos extranjeros.<\/li>\n<\/ul>\n<p>\u200bLos analistas creen que el Gobierno va a cubrir los pagos de enero.Pero hay incertidumbre sobre el resto de la deuda y el d\u00f3lar.La mirada de los fondos extranjeros.\u00a0<a href=\"https:\/\/www.clarin.com\/economia\/dudas-reservas-compromisos-deuda-baja-riesgo-pais-freno-ultimos-20-dias_0_IGkBvJgSqc.html\" target=\"_blank\" class=\"feedzy-rss-link-icon\">Read More<\/a><\/p>","protected":false},"excerpt":{"rendered":"<p>Los analistas creen que el Gobierno va a cubrir los pagos de enero. Pero hay&#8230;<\/p>\n","protected":false},"author":1,"featured_media":0,"comment_status":"open","ping_status":"open","sticky":false,"template":"","format":"standard","meta":{"footnotes":""},"categories":[3],"tags":[],"class_list":["post-50470","post","type-post","status-publish","format-standard","has-post-thumbnail","hentry","category-nacionales"],"_links":{"self":[{"href":"https:\/\/masquenoticiastucuman.com.ar\/index.php?rest_route=\/wp\/v2\/posts\/50470","targetHints":{"allow":["GET"]}}],"collection":[{"href":"https:\/\/masquenoticiastucuman.com.ar\/index.php?rest_route=\/wp\/v2\/posts"}],"about":[{"href":"https:\/\/masquenoticiastucuman.com.ar\/index.php?rest_route=\/wp\/v2\/types\/post"}],"author":[{"embeddable":true,"href":"https:\/\/masquenoticiastucuman.com.ar\/index.php?rest_route=\/wp\/v2\/users\/1"}],"replies":[{"embeddable":true,"href":"https:\/\/masquenoticiastucuman.com.ar\/index.php?rest_route=%2Fwp%2Fv2%2Fcomments&post=50470"}],"version-history":[{"count":0,"href":"https:\/\/masquenoticiastucuman.com.ar\/index.php?rest_route=\/wp\/v2\/posts\/50470\/revisions"}],"wp:attachment":[{"href":"https:\/\/masquenoticiastucuman.com.ar\/index.php?rest_route=%2Fwp%2Fv2%2Fmedia&parent=50470"}],"wp:term":[{"taxonomy":"category","embeddable":true,"href":"https:\/\/masquenoticiastucuman.com.ar\/index.php?rest_route=%2Fwp%2Fv2%2Fcategories&post=50470"},{"taxonomy":"post_tag","embeddable":true,"href":"https:\/\/masquenoticiastucuman.com.ar\/index.php?rest_route=%2Fwp%2Fv2%2Ftags&post=50470"}],"curies":[{"name":"wp","href":"https:\/\/api.w.org\/{rel}","templated":true}]}}