{"id":50471,"date":"2025-11-23T21:34:20","date_gmt":"2025-11-24T00:34:20","guid":{"rendered":"http:\/\/masquenoticiastucuman.com.ar\/?p=50471"},"modified":"2025-11-23T21:34:20","modified_gmt":"2025-11-24T00:34:20","slug":"el-clan-kennedy-la-dinastia-politica-mas-poderosa-de-estados-unidos-marcada-por-la-desgracia","status":"publish","type":"post","link":"https:\/\/masquenoticiastucuman.com.ar\/?p=50471","title":{"rendered":"El clan Kennedy, la dinast\u00eda pol\u00edtica m\u00e1s poderosa de Estados Unidos marcada por la desgracia"},"content":{"rendered":"<p>La legendaria familia est\u00e1 asociada a una serie de tragedias. Desde el asesinato del ex presidente John Fitzgerald Kennedy en 1963, que conmovi\u00f3 al mundo, al accidente \u00e1\u00e9reo que cost\u00f3 la vida a su hijo &#8220;John John&#8221; en 1999.<\/p>\n<p>\u200bLa legendaria familia est\u00e1 asociada a una serie de tragedias. Desde el asesinato del ex presidente John Fitzgerald Kennedy en 1963, que conmovi\u00f3 al mundo, al accidente \u00e1\u00e9reo que cost\u00f3 la vida a su hijo &#8220;John John&#8221; en 1999.\u00a0<a href=\"https:\/\/www.clarin.com\/mundo\/clan-kennedy-dinastia-politica-poderosa-estados-unidos-marcada-desgracia_0_03ZCLWFTn9.html\" target=\"_blank\" class=\"feedzy-rss-link-icon\">Read More<\/a><\/p>","protected":false},"excerpt":{"rendered":"<p>La legendaria familia est\u00e1 asociada a una serie de tragedias. Desde el asesinato del ex&#8230;<\/p>\n","protected":false},"author":1,"featured_media":50472,"comment_status":"open","ping_status":"open","sticky":false,"template":"","format":"standard","meta":{"footnotes":""},"categories":[4],"tags":[],"class_list":["post-50471","post","type-post","status-publish","format-standard","has-post-thumbnail","hentry","category-internacionales"],"_links":{"self":[{"href":"https:\/\/masquenoticiastucuman.com.ar\/index.php?rest_route=\/wp\/v2\/posts\/50471","targetHints":{"allow":["GET"]}}],"collection":[{"href":"https:\/\/masquenoticiastucuman.com.ar\/index.php?rest_route=\/wp\/v2\/posts"}],"about":[{"href":"https:\/\/masquenoticiastucuman.com.ar\/index.php?rest_route=\/wp\/v2\/types\/post"}],"author":[{"embeddable":true,"href":"https:\/\/masquenoticiastucuman.com.ar\/index.php?rest_route=\/wp\/v2\/users\/1"}],"replies":[{"embeddable":true,"href":"https:\/\/masquenoticiastucuman.com.ar\/index.php?rest_route=%2Fwp%2Fv2%2Fcomments&post=50471"}],"version-history":[{"count":0,"href":"https:\/\/masquenoticiastucuman.com.ar\/index.php?rest_route=\/wp\/v2\/posts\/50471\/revisions"}],"wp:featuredmedia":[{"embeddable":true,"href":"https:\/\/masquenoticiastucuman.com.ar\/index.php?rest_route=\/wp\/v2\/media\/50472"}],"wp:attachment":[{"href":"https:\/\/masquenoticiastucuman.com.ar\/index.php?rest_route=%2Fwp%2Fv2%2Fmedia&parent=50471"}],"wp:term":[{"taxonomy":"category","embeddable":true,"href":"https:\/\/masquenoticiastucuman.com.ar\/index.php?rest_route=%2Fwp%2Fv2%2Fcategories&post=50471"},{"taxonomy":"post_tag","embeddable":true,"href":"https:\/\/masquenoticiastucuman.com.ar\/index.php?rest_route=%2Fwp%2Fv2%2Ftags&post=50471"}],"curies":[{"name":"wp","href":"https:\/\/api.w.org\/{rel}","templated":true}]}}