{"id":50473,"date":"2025-11-23T21:25:11","date_gmt":"2025-11-24T00:25:11","guid":{"rendered":"http:\/\/masquenoticiastucuman.com.ar\/?p=50473"},"modified":"2025-11-23T21:25:11","modified_gmt":"2025-11-24T00:25:11","slug":"di-maria-se-desligo-del-polemico-titulo-que-le-dio-la-afa-y-hablo-del-pasillo-de-espaldas-que-le-hizo-estudiantes","status":"publish","type":"post","link":"https:\/\/masquenoticiastucuman.com.ar\/?p=50473","title":{"rendered":"Di Mar\u00eda se deslig\u00f3 del pol\u00e9mico t\u00edtulo que le dio la AFA y habl\u00f3 del pasillo de espaldas que le hizo Estudiantes"},"content":{"rendered":"<ul>\n<li>Luego de la ca\u00edda de Rosario Central, el Fideo enfrent\u00f3 los micr\u00f3fonos donde toc\u00f3 los dos temas que se robaron la atenci\u00f3n del f\u00fatbol argentino en los \u00faltimos d\u00edas.<\/li>\n<\/ul>\n<p>\u200bLuego de la ca\u00edda de Rosario Central, el Fideo enfrent\u00f3 los micr\u00f3fonos donde toc\u00f3 los dos temas que se robaron la atenci\u00f3n del f\u00fatbol argentino en los \u00faltimos d\u00edas.\u00a0<a href=\"https:\/\/www.clarin.com\/deportes\/di-maria-desligo-polemico-titulo-dio-afa-hablo-pasillo-espaldas-hizo-estudiantes_0_6cjZEfustO.html\" target=\"_blank\" class=\"feedzy-rss-link-icon\">Read More<\/a><\/p>","protected":false},"excerpt":{"rendered":"<p>Luego de la ca\u00edda de Rosario Central, el Fideo enfrent\u00f3 los micr\u00f3fonos donde toc\u00f3 los&#8230;<\/p>\n","protected":false},"author":1,"featured_media":0,"comment_status":"open","ping_status":"open","sticky":false,"template":"","format":"standard","meta":{"footnotes":""},"categories":[6],"tags":[],"class_list":["post-50473","post","type-post","status-publish","format-standard","has-post-thumbnail","hentry","category-deportes"],"_links":{"self":[{"href":"https:\/\/masquenoticiastucuman.com.ar\/index.php?rest_route=\/wp\/v2\/posts\/50473","targetHints":{"allow":["GET"]}}],"collection":[{"href":"https:\/\/masquenoticiastucuman.com.ar\/index.php?rest_route=\/wp\/v2\/posts"}],"about":[{"href":"https:\/\/masquenoticiastucuman.com.ar\/index.php?rest_route=\/wp\/v2\/types\/post"}],"author":[{"embeddable":true,"href":"https:\/\/masquenoticiastucuman.com.ar\/index.php?rest_route=\/wp\/v2\/users\/1"}],"replies":[{"embeddable":true,"href":"https:\/\/masquenoticiastucuman.com.ar\/index.php?rest_route=%2Fwp%2Fv2%2Fcomments&post=50473"}],"version-history":[{"count":0,"href":"https:\/\/masquenoticiastucuman.com.ar\/index.php?rest_route=\/wp\/v2\/posts\/50473\/revisions"}],"wp:attachment":[{"href":"https:\/\/masquenoticiastucuman.com.ar\/index.php?rest_route=%2Fwp%2Fv2%2Fmedia&parent=50473"}],"wp:term":[{"taxonomy":"category","embeddable":true,"href":"https:\/\/masquenoticiastucuman.com.ar\/index.php?rest_route=%2Fwp%2Fv2%2Fcategories&post=50473"},{"taxonomy":"post_tag","embeddable":true,"href":"https:\/\/masquenoticiastucuman.com.ar\/index.php?rest_route=%2Fwp%2Fv2%2Ftags&post=50473"}],"curies":[{"name":"wp","href":"https:\/\/api.w.org\/{rel}","templated":true}]}}