{"id":50475,"date":"2025-11-23T22:48:18","date_gmt":"2025-11-24T01:48:18","guid":{"rendered":"http:\/\/masquenoticiastucuman.com.ar\/?p=50475"},"modified":"2025-11-23T22:48:18","modified_gmt":"2025-11-24T01:48:18","slug":"ya-son-siete-las-aerolineas-que-suspendieron-sus-vuelos-hacia-venezuela-que-empresas-cancelaron-sus-operaciones-por-el-alerta-de-estados-unidos","status":"publish","type":"post","link":"https:\/\/masquenoticiastucuman.com.ar\/?p=50475","title":{"rendered":"Ya son siete las aerol\u00edneas que suspendieron sus vuelos hacia Venezuela: qu\u00e9 empresas cancelaron sus operaciones por el alerta de Estados Unidos"},"content":{"rendered":"<ul>\n<li>Estados Unidos emiti\u00f3 una advertencia para &#8220;extremar la precauci\u00f3n&#8221; al sobrevolar ese pa\u00eds en medio del despliegue militar en el Caribe. <\/li>\n<li>Empresas europeas y latinoamericanas cancelaron temporariamente las operaciones. <\/li>\n<li>Solo vuelan las aerol\u00edneas venezolanas. <\/li>\n<\/ul>\n<p>\u200bEstados Unidos emiti\u00f3 una advertencia para &#8220;extremar la precauci\u00f3n&#8221; al sobrevolar ese pa\u00eds en medio del despliegue militar en el Caribe. Empresas europeas y latinoamericanas cancelaron temporariamente las operaciones. Solo vuelan las aerol\u00edneas venezolanas.\u00a0<a href=\"https:\/\/www.clarin.com\/mundo\/aerolineas-suspendieron-vuelos-venezuela-empresas-cancelaron-operaciones-alerta-estados-unidos_0_TphCscw2KH.html\" target=\"_blank\" class=\"feedzy-rss-link-icon\">Read More<\/a><\/p>","protected":false},"excerpt":{"rendered":"<p>Estados Unidos emiti\u00f3 una advertencia para &#8220;extremar la precauci\u00f3n&#8221; al sobrevolar ese pa\u00eds en medio&#8230;<\/p>\n","protected":false},"author":1,"featured_media":50476,"comment_status":"open","ping_status":"open","sticky":false,"template":"","format":"standard","meta":{"footnotes":""},"categories":[4],"tags":[],"class_list":["post-50475","post","type-post","status-publish","format-standard","has-post-thumbnail","hentry","category-internacionales"],"_links":{"self":[{"href":"https:\/\/masquenoticiastucuman.com.ar\/index.php?rest_route=\/wp\/v2\/posts\/50475","targetHints":{"allow":["GET"]}}],"collection":[{"href":"https:\/\/masquenoticiastucuman.com.ar\/index.php?rest_route=\/wp\/v2\/posts"}],"about":[{"href":"https:\/\/masquenoticiastucuman.com.ar\/index.php?rest_route=\/wp\/v2\/types\/post"}],"author":[{"embeddable":true,"href":"https:\/\/masquenoticiastucuman.com.ar\/index.php?rest_route=\/wp\/v2\/users\/1"}],"replies":[{"embeddable":true,"href":"https:\/\/masquenoticiastucuman.com.ar\/index.php?rest_route=%2Fwp%2Fv2%2Fcomments&post=50475"}],"version-history":[{"count":0,"href":"https:\/\/masquenoticiastucuman.com.ar\/index.php?rest_route=\/wp\/v2\/posts\/50475\/revisions"}],"wp:featuredmedia":[{"embeddable":true,"href":"https:\/\/masquenoticiastucuman.com.ar\/index.php?rest_route=\/wp\/v2\/media\/50476"}],"wp:attachment":[{"href":"https:\/\/masquenoticiastucuman.com.ar\/index.php?rest_route=%2Fwp%2Fv2%2Fmedia&parent=50475"}],"wp:term":[{"taxonomy":"category","embeddable":true,"href":"https:\/\/masquenoticiastucuman.com.ar\/index.php?rest_route=%2Fwp%2Fv2%2Fcategories&post=50475"},{"taxonomy":"post_tag","embeddable":true,"href":"https:\/\/masquenoticiastucuman.com.ar\/index.php?rest_route=%2Fwp%2Fv2%2Ftags&post=50475"}],"curies":[{"name":"wp","href":"https:\/\/api.w.org\/{rel}","templated":true}]}}