{"id":50479,"date":"2025-11-24T06:00:35","date_gmt":"2025-11-24T09:00:35","guid":{"rendered":"http:\/\/masquenoticiastucuman.com.ar\/?p=50479"},"modified":"2025-11-24T06:00:35","modified_gmt":"2025-11-24T09:00:35","slug":"cali-izquierdoz-con-la-tranquilidad-del-deber-cumplido-sonaba-con-poner-a-lanus-arriba-y-despedirme-con-un-titulo","status":"publish","type":"post","link":"https:\/\/masquenoticiastucuman.com.ar\/?p=50479","title":{"rendered":"Cali Izquierdoz, con la tranquilidad del deber cumplido: &#8220;So\u00f1aba con poner a Lan\u00fas arriba y despedirme con un t\u00edtulo&#8221;"},"content":{"rendered":"<ul>\n<li>El s\u00edmbolo de Lan\u00fas regres\u00f3 hace un a\u00f1o y medio y a los 37 le puso un mo\u00f1o a una gran carrera en el club que lo form\u00f3.<\/li>\n<li>Sin embargo, su nivel en la final demuestra que tiene hilo en el carretel. \u00bfSigue o se retira?<\/li>\n<\/ul>\n<p>\u200bEl s\u00edmbolo de Lan\u00fas regres\u00f3 hace un a\u00f1o y medio y a los 37 le puso un mo\u00f1o a una gran carrera en el club que lo form\u00f3.Sin embargo, su nivel en la final demuestra que tiene hilo en el carretel. \u00bfSigue o se retira?\u00a0<a href=\"https:\/\/www.clarin.com\/deportes\/cali-izquierdoz-tranquilidad-deber-cumplido-sonaba-poner-lanus-arriba-despedirme-titulo_0_JinH4MgopI.html\" target=\"_blank\" class=\"feedzy-rss-link-icon\">Read More<\/a><\/p>","protected":false},"excerpt":{"rendered":"<p>El s\u00edmbolo de Lan\u00fas regres\u00f3 hace un a\u00f1o y medio y a los 37 le&#8230;<\/p>\n","protected":false},"author":1,"featured_media":0,"comment_status":"open","ping_status":"open","sticky":false,"template":"","format":"standard","meta":{"footnotes":""},"categories":[6],"tags":[],"class_list":["post-50479","post","type-post","status-publish","format-standard","has-post-thumbnail","hentry","category-deportes"],"_links":{"self":[{"href":"https:\/\/masquenoticiastucuman.com.ar\/index.php?rest_route=\/wp\/v2\/posts\/50479","targetHints":{"allow":["GET"]}}],"collection":[{"href":"https:\/\/masquenoticiastucuman.com.ar\/index.php?rest_route=\/wp\/v2\/posts"}],"about":[{"href":"https:\/\/masquenoticiastucuman.com.ar\/index.php?rest_route=\/wp\/v2\/types\/post"}],"author":[{"embeddable":true,"href":"https:\/\/masquenoticiastucuman.com.ar\/index.php?rest_route=\/wp\/v2\/users\/1"}],"replies":[{"embeddable":true,"href":"https:\/\/masquenoticiastucuman.com.ar\/index.php?rest_route=%2Fwp%2Fv2%2Fcomments&post=50479"}],"version-history":[{"count":0,"href":"https:\/\/masquenoticiastucuman.com.ar\/index.php?rest_route=\/wp\/v2\/posts\/50479\/revisions"}],"wp:attachment":[{"href":"https:\/\/masquenoticiastucuman.com.ar\/index.php?rest_route=%2Fwp%2Fv2%2Fmedia&parent=50479"}],"wp:term":[{"taxonomy":"category","embeddable":true,"href":"https:\/\/masquenoticiastucuman.com.ar\/index.php?rest_route=%2Fwp%2Fv2%2Fcategories&post=50479"},{"taxonomy":"post_tag","embeddable":true,"href":"https:\/\/masquenoticiastucuman.com.ar\/index.php?rest_route=%2Fwp%2Fv2%2Ftags&post=50479"}],"curies":[{"name":"wp","href":"https:\/\/api.w.org\/{rel}","templated":true}]}}